{"id":76182,"date":"2021-08-04T11:16:49","date_gmt":"2021-08-04T14:16:49","guid":{"rendered":"https:\/\/www.actualidadadiario.com\/?p=76182"},"modified":"2021-08-04T11:16:49","modified_gmt":"2021-08-04T14:16:49","slug":"destinaran-1-000-millones-para-el-instituto-malbran","status":"publish","type":"post","link":"https:\/\/www.actualidadadiario.com\/index.php\/2021\/08\/04\/destinaran-1-000-millones-para-el-instituto-malbran\/","title":{"rendered":"Destinar\u00e1n $ 1.000 millones para el Instituto Malbr\u00e1n"},"content":{"rendered":"<p style=\"text-align: center;\"><em><strong>El Gobierno anunci\u00f3 ayer una inversi\u00f3n de $ 1.000 millones para el Instituto Malbr\u00e1n. La presentaci\u00f3n la hicieron Santiago Cafiero, y la ministra de Salud, Carla Vizzotti y ser\u00e1n en \u201cequipamiento de primera generaci\u00f3n\u201d lo cual \u201cpermitir\u00e1 ampliar la capacidad de an\u00e1lisis de sus laboratorios y optimizar la generaci\u00f3n de informaci\u00f3n basada en evidencia para la toma de decisiones esenciales en salud p\u00fablica, para mejorar la lucha contra la pandemia de coronavirus\u201d<\/strong><\/em><\/p>\n<p>&nbsp;<\/p>\n<p>&nbsp;<\/p>\n<p>El equipamiento se suma a otros $800 millones en remodelaciones edilicias del predio central, que fue recorrido por los funcionarios, en el marco de la celebraci\u00f3n del 105 aniversario del Instituto.<\/p>\n<p>Durante la visita, el jefe de Gabinete destac\u00f3 que \u201cel presupuesto del \u00faltimo a\u00f1o del gobierno de (Mauricio) Macri no hablaba de un Ministerio de Salud, sino que segu\u00eda hablando de financiamiento a una Secretar\u00eda de Salud\u201d, pero que \u201ccomo los tiempos no daban, prorrogamos el presupuesto de 2019 y le fuimos haciendo ampliaciones presupuestarias adapt\u00e1ndola al nuevo mapa del Estado\u201d.<\/p>\n<p>Cafiero tambi\u00e9n se\u00f1al\u00f3 que \u201clos gastos reservados de la Agencia Federal de Inteligencia (AFI) fueron a la salud p\u00fablica y al Instituto, y eso para m\u00ed es muy gratificante porque es una prioridad como gesti\u00f3n y una prioridad \u00e9tica\u201d, porque \u201cpudimos avanzar en muchas cuestiones que tienen que ver con reivindicaciones\u201d.<\/p>\n<p>Vizzotti explic\u00f3 que \u201cmuch\u00edsimos de estos equipamientos se pudieron comprar con el aporte del impuesto a las grandes fortunas, ese porcentaje destinado al Malbr\u00e1n fue para la actualizaci\u00f3n de equipamientos de todos los institutos que requer\u00edan modernizarse\u201d.<\/p>\n<p>Por su parte, el director del Malbr\u00e1n, Pascual Fidelio, remarc\u00f3 que \u201cel apoyo nacional desde todos los sectores y la inversi\u00f3n destinada a la vigilancia gen\u00f3mica, equipamiento de \u00faltima tecnolog\u00eda y obras de remodelaci\u00f3n y nuevos laboratorios es prioridad como herramienta para hacerle frente a la pandemia y apostar a las generaciones futuras\u201d.<\/p>\n","protected":false},"excerpt":{"rendered":"<p>El Gobierno anunci\u00f3 ayer una inversi\u00f3n de $ 1.000 millones para el Instituto Malbr\u00e1n. La presentaci\u00f3n la hicieron Santiago Cafiero, y la ministra de Salud, Carla Vizzotti y ser\u00e1n en \u201cequipamiento de primera generaci\u00f3n\u201d lo cual \u201cpermitir\u00e1 ampliar la capacidad de an\u00e1lisis de sus laboratorios y optimizar la generaci\u00f3n de informaci\u00f3n basada en evidencia para la toma de decisiones esenciales en salud p\u00fablica, para mejorar la lucha contra la pandemia de coronavirus\u201d &nbsp; &nbsp; El equipamiento se suma a otros $800 millones en remodelaciones edilicias del predio central, que fue&#8230;<\/p>\n","protected":false},"author":3,"featured_media":76183,"comment_status":"closed","ping_status":"closed","sticky":false,"template":"","format":"standard","meta":[],"categories":[18],"tags":[],"_links":{"self":[{"href":"https:\/\/www.actualidadadiario.com\/index.php\/wp-json\/wp\/v2\/posts\/76182"}],"collection":[{"href":"https:\/\/www.actualidadadiario.com\/index.php\/wp-json\/wp\/v2\/posts"}],"about":[{"href":"https:\/\/www.actualidadadiario.com\/index.php\/wp-json\/wp\/v2\/types\/post"}],"author":[{"embeddable":true,"href":"https:\/\/www.actualidadadiario.com\/index.php\/wp-json\/wp\/v2\/users\/3"}],"replies":[{"embeddable":true,"href":"https:\/\/www.actualidadadiario.com\/index.php\/wp-json\/wp\/v2\/comments?post=76182"}],"version-history":[{"count":1,"href":"https:\/\/www.actualidadadiario.com\/index.php\/wp-json\/wp\/v2\/posts\/76182\/revisions"}],"predecessor-version":[{"id":76184,"href":"https:\/\/www.actualidadadiario.com\/index.php\/wp-json\/wp\/v2\/posts\/76182\/revisions\/76184"}],"wp:featuredmedia":[{"embeddable":true,"href":"https:\/\/www.actualidadadiario.com\/index.php\/wp-json\/wp\/v2\/media\/76183"}],"wp:attachment":[{"href":"https:\/\/www.actualidadadiario.com\/index.php\/wp-json\/wp\/v2\/media?parent=76182"}],"wp:term":[{"taxonomy":"category","embeddable":true,"href":"https:\/\/www.actualidadadiario.com\/index.php\/wp-json\/wp\/v2\/categories?post=76182"},{"taxonomy":"post_tag","embeddable":true,"href":"https:\/\/www.actualidadadiario.com\/index.php\/wp-json\/wp\/v2\/tags?post=76182"}],"curies":[{"name":"wp","href":"https:\/\/api.w.org\/{rel}","templated":true}]}}