{"id":76175,"date":"2021-08-04T11:15:02","date_gmt":"2021-08-04T14:15:02","guid":{"rendered":"https:\/\/www.actualidadadiario.com\/?p=76175"},"modified":"2021-08-04T11:15:02","modified_gmt":"2021-08-04T14:15:02","slug":"el-ministerio-de-trabajo-lanzo-el-portal-empleo-para-incentivar-las-salidas-laborales","status":"publish","type":"post","link":"https:\/\/www.actualidadadiario.com\/index.php\/2021\/08\/04\/el-ministerio-de-trabajo-lanzo-el-portal-empleo-para-incentivar-las-salidas-laborales\/","title":{"rendered":"El ministerio de Trabajo lanz\u00f3 el &#8220;Portal Empleo&#8221; para incentivar las salidas laborales"},"content":{"rendered":"<p style=\"text-align: center;\"><em><strong>Se trata de una plataforma para vincular a empresas y personas que se encuentren en b\u00fasqueda activa de trabajo y 214 empresas de todo el pa\u00eds ya se inscribieron. Adem\u00e1s, ofrece beneficios a las pymes que contraten j\u00f3venes<\/strong><\/em><\/p>\n<p>&nbsp;<\/p>\n<p>&nbsp;<\/p>\n<p>El gobierno lanz\u00f3 &#8220;Portal Empleo&#8221;, una plataforma virtual que busca vincular a trabajadores de todas las edades que se encuentren en b\u00fasqueda activa de empleo o est\u00e9n interesados en mejorar sus competencias laborales con ofertas de trabajo, formativas y otros servicios y pol\u00edticas de promoci\u00f3n del empleo y de formaci\u00f3n profesional.<\/p>\n<p>A cargo del Ministerio de Trabajo, Empleo y Seguridad Social de la Naci\u00f3n, cuenta hasta el momento con 214 empresas inscriptas y 13.686 ciudadanos ingresados, provenientes de todas las regiones del pa\u00eds, de los cuales 4000 ya cargaron los datos de su CV.<\/p>\n<p>El sitio tambi\u00e9n posibilita la inscripci\u00f3n de PyMEs y j\u00f3venes de 18 a 24 a\u00f1os al Programa Te Sumo, lanzado recientemente por la cartera laboral y el Ministerio de Desarrollo Productivo, que promueve que las peque\u00f1as y medianas empresas que contraten j\u00f3venes, se vean beneficiadas con una reducci\u00f3n en aportes patronales (entre el 70 y el 90% del salario inicial por 12 meses) y reciban un apoyo econ\u00f3mico del Estado.<\/p>\n<p>El aporte del Estado por cada salario se adecuar\u00e1 al tama\u00f1o de la empresa. Ser\u00e1 de $18.000 en las micro, $14.000 en las peque\u00f1as y $11.500 en las medianas. Estos beneficios para las empresas ser\u00e1n mayores en caso de contratar mujeres o personas no binarias.<\/p>\n<p>El Portal de Empleo permite, en el caso de la parte trabajadora, generar un curr\u00edculum vitae para imprimir o enviar por correo electr\u00f3nico en forma gratuita; acceder a videos informativos, motivacionales y actividades interactivas vinculadas al mundo del empleo y la formaci\u00f3n profesional; postularse a ofertas de empleo; y visualizar una amplia gama de ofertas de formaci\u00f3n a distancia, presenciales o semipresenciales, entre otras cosas.<\/p>\n<p>Por el lado de la parte empleadora, brinda la posibilidad de publicar ofertas laborales y realizar b\u00fasquedas de personal; seleccionar perfiles de postulantes registrados en la plataforma; y solicitar a la Oficina de Empleo asistencia para la b\u00fasqueda y selecci\u00f3n de postulantes y\/o asesoramiento sobre programas de promoci\u00f3n del empleo y formaci\u00f3n profesional.<\/p>\n","protected":false},"excerpt":{"rendered":"<p>Se trata de una plataforma para vincular a empresas y personas que se encuentren en b\u00fasqueda activa de trabajo y 214 empresas de todo el pa\u00eds ya se inscribieron. Adem\u00e1s, ofrece beneficios a las pymes que contraten j\u00f3venes &nbsp; &nbsp; El gobierno lanz\u00f3 &#8220;Portal Empleo&#8221;, una plataforma virtual que busca vincular a trabajadores de todas las edades que se encuentren en b\u00fasqueda activa de empleo o est\u00e9n interesados en mejorar sus competencias laborales con ofertas de trabajo, formativas y otros servicios y pol\u00edticas de promoci\u00f3n del empleo y de formaci\u00f3n&#8230;<\/p>\n","protected":false},"author":3,"featured_media":76176,"comment_status":"closed","ping_status":"closed","sticky":false,"template":"","format":"standard","meta":[],"categories":[18],"tags":[],"_links":{"self":[{"href":"https:\/\/www.actualidadadiario.com\/index.php\/wp-json\/wp\/v2\/posts\/76175"}],"collection":[{"href":"https:\/\/www.actualidadadiario.com\/index.php\/wp-json\/wp\/v2\/posts"}],"about":[{"href":"https:\/\/www.actualidadadiario.com\/index.php\/wp-json\/wp\/v2\/types\/post"}],"author":[{"embeddable":true,"href":"https:\/\/www.actualidadadiario.com\/index.php\/wp-json\/wp\/v2\/users\/3"}],"replies":[{"embeddable":true,"href":"https:\/\/www.actualidadadiario.com\/index.php\/wp-json\/wp\/v2\/comments?post=76175"}],"version-history":[{"count":1,"href":"https:\/\/www.actualidadadiario.com\/index.php\/wp-json\/wp\/v2\/posts\/76175\/revisions"}],"predecessor-version":[{"id":76177,"href":"https:\/\/www.actualidadadiario.com\/index.php\/wp-json\/wp\/v2\/posts\/76175\/revisions\/76177"}],"wp:featuredmedia":[{"embeddable":true,"href":"https:\/\/www.actualidadadiario.com\/index.php\/wp-json\/wp\/v2\/media\/76176"}],"wp:attachment":[{"href":"https:\/\/www.actualidadadiario.com\/index.php\/wp-json\/wp\/v2\/media?parent=76175"}],"wp:term":[{"taxonomy":"category","embeddable":true,"href":"https:\/\/www.actualidadadiario.com\/index.php\/wp-json\/wp\/v2\/categories?post=76175"},{"taxonomy":"post_tag","embeddable":true,"href":"https:\/\/www.actualidadadiario.com\/index.php\/wp-json\/wp\/v2\/tags?post=76175"}],"curies":[{"name":"wp","href":"https:\/\/api.w.org\/{rel}","templated":true}]}}