{"id":76166,"date":"2021-08-04T11:12:17","date_gmt":"2021-08-04T14:12:17","guid":{"rendered":"https:\/\/www.actualidadadiario.com\/?p=76166"},"modified":"2021-08-04T11:12:17","modified_gmt":"2021-08-04T14:12:17","slug":"provincias-aceleran-regreso-al-trabajo-presencial-de-los-docentes-y-estatales","status":"publish","type":"post","link":"https:\/\/www.actualidadadiario.com\/index.php\/2021\/08\/04\/provincias-aceleran-regreso-al-trabajo-presencial-de-los-docentes-y-estatales\/","title":{"rendered":"Provincias aceleran regreso al trabajo presencial de los docentes y estatales"},"content":{"rendered":"<p style=\"text-align: center;\"><em><strong>Desde el lunes podr\u00e1n ser convocados los maestros bonaerenses que no est\u00e9n en funciones. Reacci\u00f3n dispar de los gremios<\/strong><\/em><\/p>\n<p>&nbsp;<\/p>\n<p>&nbsp;<\/p>\n<p>La vacunaci\u00f3n masiva que se viene llevando a cabo en todo el territorio nacional sienta las bases de un lento retorno a una nueva normalidad. En esa l\u00ednea, el Gobierno bonaerense a trav\u00e9s de la Direcci\u00f3n General de Cultura y Educaci\u00f3n oficializ\u00f3 ayer la decisi\u00f3n de que los docentes retomar\u00e1n su actividad presencial una vez que hayan transcurrido 21 d\u00edas despu\u00e9s de haber completado su esquema de vacunaci\u00f3n.<\/p>\n<p>De esta manera, a partir del pr\u00f3ximo lunes aquellos docentes que en la actualidad no se encuentran trabajando podr\u00e1n ser convocados si ya pasaron tres semanas desde la aplicaci\u00f3n de su segunda dosis. \u201cTodos los agentes que se encuentran dispensados deber\u00e1n retomar su actividad presencial el d\u00eda 9 de agosto de 2021\u201d, se indic\u00f3 en la medida y se aclar\u00f3 que, a partir del reintegro de esos maestros, cesar\u00e1n en sus cargos los trabajadores que hayan sido designados para la cobertura de las suplencias.<\/p>\n<p>El esquema bonaerense tambi\u00e9n tiene su espejo en La Pampa, donde el gobierno de Sergio Ziliotto tambi\u00e9n autoriz\u00f3 la convocatoria para el regreso al trabajo presencial, en este caso, a partir del 17 agosto pr\u00f3ximo.<\/p>\n<p>De esa manera, los jefes y titulares de entes podr\u00e1n convocar a los agentes estatales que ten\u00edan dispensas de asistir a su lugar de trabajo, incluidos mayores de 60 a\u00f1os, embarazadas y personas que integran el grupo de riesgo por alguna enfermedad prevalente. Seg\u00fan indica la norma, quedar\u00e1n exceptuadas de esta medida las personas con enfermedades preexistentes y tambi\u00e9n los padres que tienen hijos a cargo y en edad escolar, seg\u00fan se indic\u00f3.<\/p>\n<p>En el caso de Buenos Aires, la medida gener\u00f3 la reacci\u00f3n inmediata de los combativos gremios docentes, quienes justamente fueron convocados para esa misma fecha desde el Ministerio de Educaci\u00f3n nacional para rediscutir la paritaria en busca de conseguir que sus sueldos le ganen a la inflaci\u00f3n.<\/p>\n<p>Desde las entidades gremiales aseguran que la fecha elegida por la Provincia \u201cno parece casual\u201d y que la intenci\u00f3n es acordar con la decisi\u00f3n concreta de regresar. La medida sucede justo cuando los gremios bonaerenses se muestran en alerta por los protocolos de presencialidad plena empleados en CABA y que, seg\u00fan sus dichos, podr\u00edan afectar en los pr\u00f3ximos d\u00edas la situaci\u00f3n en la Provincia algo que el gobernador siempre menciona al explicar que las diferentes olas \u201cempieza en la Ciudad, pasa por el Conurbano y se extiende hacia el interior\u201d. La resoluci\u00f3n tambi\u00e9n alcanza a aquellos trabajadores \u201cque habiendo tenido la oportunidad de acceder a la vacunaci\u00f3n, optaron por o inscribirse a vacunarse o no asistieron a su turno por razones de \u00edndole personal\u201d.<\/p>\n<p>Vale recordar que, en los \u00faltimos d\u00edas, el ejecutivo bonaerense tambi\u00e9n convoc\u00f3 a los trabajadores estatales que hayan recibido al menos una dosis de cualquier vacuna contra el coronavirus o no se hayan querido vacunar.<\/p>\n<p>Las decisiones provinciales se basan en varios factores pero sobre todo en la cantidad de bonaerenses que ya recibieron al menos una dosis y la ca\u00edda de casos que, el lunes pasado, alcanz\u00f3 su d\u00e9cima semana consecutiva en baja.<\/p>\n","protected":false},"excerpt":{"rendered":"<p>Desde el lunes podr\u00e1n ser convocados los maestros bonaerenses que no est\u00e9n en funciones. Reacci\u00f3n dispar de los gremios &nbsp; &nbsp; La vacunaci\u00f3n masiva que se viene llevando a cabo en todo el territorio nacional sienta las bases de un lento retorno a una nueva normalidad. En esa l\u00ednea, el Gobierno bonaerense a trav\u00e9s de la Direcci\u00f3n General de Cultura y Educaci\u00f3n oficializ\u00f3 ayer la decisi\u00f3n de que los docentes retomar\u00e1n su actividad presencial una vez que hayan transcurrido 21 d\u00edas despu\u00e9s de haber completado su esquema de vacunaci\u00f3n. De&#8230;<\/p>\n","protected":false},"author":3,"featured_media":76167,"comment_status":"closed","ping_status":"closed","sticky":false,"template":"","format":"standard","meta":[],"categories":[2],"tags":[],"_links":{"self":[{"href":"https:\/\/www.actualidadadiario.com\/index.php\/wp-json\/wp\/v2\/posts\/76166"}],"collection":[{"href":"https:\/\/www.actualidadadiario.com\/index.php\/wp-json\/wp\/v2\/posts"}],"about":[{"href":"https:\/\/www.actualidadadiario.com\/index.php\/wp-json\/wp\/v2\/types\/post"}],"author":[{"embeddable":true,"href":"https:\/\/www.actualidadadiario.com\/index.php\/wp-json\/wp\/v2\/users\/3"}],"replies":[{"embeddable":true,"href":"https:\/\/www.actualidadadiario.com\/index.php\/wp-json\/wp\/v2\/comments?post=76166"}],"version-history":[{"count":1,"href":"https:\/\/www.actualidadadiario.com\/index.php\/wp-json\/wp\/v2\/posts\/76166\/revisions"}],"predecessor-version":[{"id":76168,"href":"https:\/\/www.actualidadadiario.com\/index.php\/wp-json\/wp\/v2\/posts\/76166\/revisions\/76168"}],"wp:featuredmedia":[{"embeddable":true,"href":"https:\/\/www.actualidadadiario.com\/index.php\/wp-json\/wp\/v2\/media\/76167"}],"wp:attachment":[{"href":"https:\/\/www.actualidadadiario.com\/index.php\/wp-json\/wp\/v2\/media?parent=76166"}],"wp:term":[{"taxonomy":"category","embeddable":true,"href":"https:\/\/www.actualidadadiario.com\/index.php\/wp-json\/wp\/v2\/categories?post=76166"},{"taxonomy":"post_tag","embeddable":true,"href":"https:\/\/www.actualidadadiario.com\/index.php\/wp-json\/wp\/v2\/tags?post=76166"}],"curies":[{"name":"wp","href":"https:\/\/api.w.org\/{rel}","templated":true}]}}