{"id":76155,"date":"2021-08-04T11:08:34","date_gmt":"2021-08-04T14:08:34","guid":{"rendered":"https:\/\/www.actualidadadiario.com\/?p=76155"},"modified":"2021-08-04T11:08:34","modified_gmt":"2021-08-04T14:08:34","slug":"ya-suman-26-los-infectados-por-la-variante-delta-en-cordoba-y-mas-de-800-los-aislados","status":"publish","type":"post","link":"https:\/\/www.actualidadadiario.com\/index.php\/2021\/08\/04\/ya-suman-26-los-infectados-por-la-variante-delta-en-cordoba-y-mas-de-800-los-aislados\/","title":{"rendered":"Ya suman 26 los infectados por la variante Delta en C\u00f3rdoba y m\u00e1s de 800 los aislados"},"content":{"rendered":"<p style=\"text-align: center;\"><em><strong>En el marco de la investigaci\u00f3n epidemiol\u00f3gica originada por el primer caso, se llevaron a cabo operativos en tres barrios de la ciudad capital y se realizaron 283 estudios, de los cuales 89 corresponden a PCR y 194 a test de detecci\u00f3n de ant\u00edgenos<\/strong><\/em><\/p>\n<p>&nbsp;<\/p>\n<p>&nbsp;<\/p>\n<p>Otras tres personas fueron diagnosticadas como contagiadas con la variante Delta de coronavirus en la provincia de C\u00f3rdoba, por lo que en total suman 26 los casos y m\u00e1s de 800 personas permanec\u00edan aisladas, informaron fuentes provinciales.<\/p>\n<p>Desde la introducci\u00f3n de la variante en la provincia la semana pasada y el brote que provoc\u00f3 el hombre proveniente de Per\u00fa que no respet\u00f3 el aislamiento, ya se confirm\u00f3 que 24 casos se desprenden del nexo epidemiol\u00f3gico intrafamiliar que ocasion\u00f3 el viajero.<\/p>\n<p>Uno de los otros corresponde a un hombre con residencia en C\u00f3rdoba capital, proveniente de Espa\u00f1a, quien se encontraba realizando aislamiento, acorde al protocolo vigente, y el restante a un ciudadano de San Francisco que se encuentra en aislamiento en su domicilio tras regresar de Estados Unidos.<\/p>\n<p>&nbsp;<\/p>\n<p><strong>El rastreo de casos<\/strong><\/p>\n<p>En el marco de la investigaci\u00f3n epidemiol\u00f3gica originada por el primer caso, se llevaron a cabo operativos en tres barrios de la ciudad de C\u00f3rdoba y se realizaron 283 estudios, de los cuales 89 corresponden a PCR y 194 a test de detecci\u00f3n de ant\u00edgenos, y m\u00e1s de 800 deb\u00edan mantener aislamiento por ser contactos de contactos estrechos.<\/p>\n<p>El denominado \u2018caso cero\u2019, el hombre que regres\u00f3 a C\u00f3rdoba proveniente desde Lima, Per\u00fa, permanece internado en terapia intensiva del Hospital Rawson de la capital debido a un cuadro de neumon\u00eda bilateral grave.<\/p>\n<p>El hombre, de 62 a\u00f1os, no est\u00e1 vacunado contra el coronavirus y es paciente de riesgo, confirmaron desde el centro de salud.<\/p>\n<p>Mientras, en la provincia de C\u00f3rdoba se reportaron 2.704 nuevos casos de Covid-19 y 24 fallecimientos, mientras que la ocupaci\u00f3n de camas cr\u00edticas mostr\u00f3 un leve incremento y est\u00e1 en 31,3% (el lunesnera de 30,8%).<\/p>\n","protected":false},"excerpt":{"rendered":"<p>En el marco de la investigaci\u00f3n epidemiol\u00f3gica originada por el primer caso, se llevaron a cabo operativos en tres barrios de la ciudad capital y se realizaron 283 estudios, de los cuales 89 corresponden a PCR y 194 a test de detecci\u00f3n de ant\u00edgenos &nbsp; &nbsp; Otras tres personas fueron diagnosticadas como contagiadas con la variante Delta de coronavirus en la provincia de C\u00f3rdoba, por lo que en total suman 26 los casos y m\u00e1s de 800 personas permanec\u00edan aisladas, informaron fuentes provinciales. Desde la introducci\u00f3n de la variante en&#8230;<\/p>\n","protected":false},"author":3,"featured_media":76156,"comment_status":"closed","ping_status":"closed","sticky":false,"template":"","format":"standard","meta":[],"categories":[2],"tags":[],"_links":{"self":[{"href":"https:\/\/www.actualidadadiario.com\/index.php\/wp-json\/wp\/v2\/posts\/76155"}],"collection":[{"href":"https:\/\/www.actualidadadiario.com\/index.php\/wp-json\/wp\/v2\/posts"}],"about":[{"href":"https:\/\/www.actualidadadiario.com\/index.php\/wp-json\/wp\/v2\/types\/post"}],"author":[{"embeddable":true,"href":"https:\/\/www.actualidadadiario.com\/index.php\/wp-json\/wp\/v2\/users\/3"}],"replies":[{"embeddable":true,"href":"https:\/\/www.actualidadadiario.com\/index.php\/wp-json\/wp\/v2\/comments?post=76155"}],"version-history":[{"count":1,"href":"https:\/\/www.actualidadadiario.com\/index.php\/wp-json\/wp\/v2\/posts\/76155\/revisions"}],"predecessor-version":[{"id":76157,"href":"https:\/\/www.actualidadadiario.com\/index.php\/wp-json\/wp\/v2\/posts\/76155\/revisions\/76157"}],"wp:featuredmedia":[{"embeddable":true,"href":"https:\/\/www.actualidadadiario.com\/index.php\/wp-json\/wp\/v2\/media\/76156"}],"wp:attachment":[{"href":"https:\/\/www.actualidadadiario.com\/index.php\/wp-json\/wp\/v2\/media?parent=76155"}],"wp:term":[{"taxonomy":"category","embeddable":true,"href":"https:\/\/www.actualidadadiario.com\/index.php\/wp-json\/wp\/v2\/categories?post=76155"},{"taxonomy":"post_tag","embeddable":true,"href":"https:\/\/www.actualidadadiario.com\/index.php\/wp-json\/wp\/v2\/tags?post=76155"}],"curies":[{"name":"wp","href":"https:\/\/api.w.org\/{rel}","templated":true}]}}