{"id":76151,"date":"2021-08-04T11:07:37","date_gmt":"2021-08-04T14:07:37","guid":{"rendered":"https:\/\/www.actualidadadiario.com\/?p=76151"},"modified":"2021-08-04T11:07:49","modified_gmt":"2021-08-04T14:07:49","slug":"definen-estrategias-ante-la-compleja-situacion-por-la-bajante-del-rio-parana","status":"publish","type":"post","link":"https:\/\/www.actualidadadiario.com\/index.php\/2021\/08\/04\/definen-estrategias-ante-la-compleja-situacion-por-la-bajante-del-rio-parana\/","title":{"rendered":"Definen estrategias ante la &#8220;compleja situaci\u00f3n&#8221; por la bajante del r\u00edo Paran\u00e1"},"content":{"rendered":"<p style=\"text-align: center;\"><em><strong>El Consejo Federal de Gesti\u00f3n del Riesgo y Protecci\u00f3n Civil defini\u00f3 l\u00edneas de acci\u00f3n para las poblaciones ribere\u00f1as, que incluyen alertas tempranas, mapas din\u00e1micos y datos de organismos cient\u00edficos<\/strong><\/em><\/p>\n<p>&nbsp;<\/p>\n<p>&nbsp;<\/p>\n<p>El Consejo Federal de Gesti\u00f3n del Riesgo y Protecci\u00f3n Civil defini\u00f3 este martes l\u00edneas de acci\u00f3n ante la &#8220;compleja situaci\u00f3n&#8221; que a atraviesan las poblaciones ribere\u00f1as por la bajante del r\u00edo Paran\u00e1, que incluyen alertas tempranas, mapas din\u00e1micos y datos de organismos cient\u00edficos, inform\u00f3 el Ministerio de Seguridad.<\/p>\n<p>El organismo se reuni\u00f3 en Paran\u00e1 con la participaci\u00f3n del Jefe de Gabinete de ministros, Santiago Cafiero, la ministra de Seguridad de la Naci\u00f3n, Sabina Frederic y autoridades de las carteras de Ambiente y de las provincias afectadas, entre otros.<\/p>\n<p>Cafiero destac\u00f3 que desde el Gobierno nacional &#8220;desde hace semanas se viene colaborando y contribuyendo con saberes y soluciones ante una situaci\u00f3n muy grave como la que est\u00e1n sufriendo las provincias de la zona&#8221;.<\/p>\n<p>Agreg\u00f3 adem\u00e1s que &#8220;el Presidente declar\u00f3 la emergencia h\u00eddrica en la cuenca del Paran\u00e1 (Decreto 482\/2021) y cristaliz\u00f3 el trabajo que se ven\u00eda llevando adelante, que incluye obras de infraestructura, de acceso al agua potable mediante un fondo h\u00eddrico de m\u00e1s de mil millones de pesos&#8221;.<\/p>\n<p>&#8220;El compromiso es avanzar all\u00ed donde surgen los problemas, sin mirar para otro lado, con una perspectiva federal y concreta propia del trabajo articulado&#8221;, destac\u00f3 el funcionario.<\/p>\n<p>Por su parte Frederic manifest\u00f3 la necesidad de &#8220;articular y coordinar las acciones de los ministerios nacionales y organismos a nivel regional, provincial y municipal, junto con las Organizaciones No Gubernamentales y de la comunidad para fortalecer y optimizar la reducci\u00f3n del riesgo de desastre&#8221;<\/p>\n<p>Lo que se busca adem\u00e1s es optimizar &#8220;el manejo de la crisis y la recuperaci\u00f3n para la asistencia a las poblaciones ribere\u00f1as, tanto en el r\u00edo Paran\u00e1, como en su sistema de afluentes&#8221;.<\/p>\n<p>El secretario de Articulaci\u00f3n Federal Gabriel Fuks expres\u00f3 que &#8220;queremos llevarnos un mapa con los puntos m\u00e1s vulnerables que pueden ser afectados por esta emergencia h\u00eddrica&#8221;.<\/p>\n<p>Y agreg\u00f3 que lo que se busca en el Consejo es &#8220;un acuerdo entre las provincias y el Estado nacional&#8221; y que el plan de respuesta &#8220;ser\u00e1 asentado en esas comunidades, ciudades y lugares puntuales&#8221;.<\/p>\n<p>Fuks al plantear las principales l\u00edneas de acci\u00f3n, asegur\u00f3: &#8220;Pusimos a disposici\u00f3n de cada uno de los distintos organismos t\u00e9cnicos el acceso a informaciones, alertas tempranas, an\u00e1lisis y mapas din\u00e1micos para monitorear la situaci\u00f3n en su conjunto con datos de organismos cient\u00edficos para sustentar el proceso de toma de decisiones&#8221;.<\/p>\n<p>En este sentido pidi\u00f3 a las autoridades provinciales que se sumen al uso de esta herramienta, \u201cpara de esta manera enriquecer los planes de respuesta georreferenciados con insumos de informaci\u00f3n territorial y avanzar as\u00ed en la definici\u00f3n de un mapa com\u00fan que, adem\u00e1s, pueda incluir \u00edndices de vulnerabilidades&#8221;.<\/p>\n<p>Participaron adem\u00e1s autoridades de protecci\u00f3n civil de las provincias Corrientes, Chaco, Formosa, Misiones, Buenos Aires, C\u00f3rdoba, Entre R\u00edos, Santa Fe y la Ciudad Aut\u00f3noma de Buenos Aires, junto a miembros de fuerzas de seguridad.<\/p>\n","protected":false},"excerpt":{"rendered":"<p>El Consejo Federal de Gesti\u00f3n del Riesgo y Protecci\u00f3n Civil defini\u00f3 l\u00edneas de acci\u00f3n para las poblaciones ribere\u00f1as, que incluyen alertas tempranas, mapas din\u00e1micos y datos de organismos cient\u00edficos &nbsp; &nbsp; El Consejo Federal de Gesti\u00f3n del Riesgo y Protecci\u00f3n Civil defini\u00f3 este martes l\u00edneas de acci\u00f3n ante la &#8220;compleja situaci\u00f3n&#8221; que a atraviesan las poblaciones ribere\u00f1as por la bajante del r\u00edo Paran\u00e1, que incluyen alertas tempranas, mapas din\u00e1micos y datos de organismos cient\u00edficos, inform\u00f3 el Ministerio de Seguridad. El organismo se reuni\u00f3 en Paran\u00e1 con la participaci\u00f3n del Jefe&#8230;<\/p>\n","protected":false},"author":3,"featured_media":76152,"comment_status":"closed","ping_status":"closed","sticky":false,"template":"","format":"standard","meta":[],"categories":[2],"tags":[],"_links":{"self":[{"href":"https:\/\/www.actualidadadiario.com\/index.php\/wp-json\/wp\/v2\/posts\/76151"}],"collection":[{"href":"https:\/\/www.actualidadadiario.com\/index.php\/wp-json\/wp\/v2\/posts"}],"about":[{"href":"https:\/\/www.actualidadadiario.com\/index.php\/wp-json\/wp\/v2\/types\/post"}],"author":[{"embeddable":true,"href":"https:\/\/www.actualidadadiario.com\/index.php\/wp-json\/wp\/v2\/users\/3"}],"replies":[{"embeddable":true,"href":"https:\/\/www.actualidadadiario.com\/index.php\/wp-json\/wp\/v2\/comments?post=76151"}],"version-history":[{"count":2,"href":"https:\/\/www.actualidadadiario.com\/index.php\/wp-json\/wp\/v2\/posts\/76151\/revisions"}],"predecessor-version":[{"id":76154,"href":"https:\/\/www.actualidadadiario.com\/index.php\/wp-json\/wp\/v2\/posts\/76151\/revisions\/76154"}],"wp:featuredmedia":[{"embeddable":true,"href":"https:\/\/www.actualidadadiario.com\/index.php\/wp-json\/wp\/v2\/media\/76152"}],"wp:attachment":[{"href":"https:\/\/www.actualidadadiario.com\/index.php\/wp-json\/wp\/v2\/media?parent=76151"}],"wp:term":[{"taxonomy":"category","embeddable":true,"href":"https:\/\/www.actualidadadiario.com\/index.php\/wp-json\/wp\/v2\/categories?post=76151"},{"taxonomy":"post_tag","embeddable":true,"href":"https:\/\/www.actualidadadiario.com\/index.php\/wp-json\/wp\/v2\/tags?post=76151"}],"curies":[{"name":"wp","href":"https:\/\/api.w.org\/{rel}","templated":true}]}}