{"id":76143,"date":"2021-08-03T12:30:16","date_gmt":"2021-08-03T15:30:16","guid":{"rendered":"https:\/\/www.actualidadadiario.com\/?p=76143"},"modified":"2021-08-03T12:30:16","modified_gmt":"2021-08-03T15:30:16","slug":"con-diversos-temas-ambientales-comienza-la-agenda-legislativa-del-senado","status":"publish","type":"post","link":"https:\/\/www.actualidadadiario.com\/index.php\/2021\/08\/03\/con-diversos-temas-ambientales-comienza-la-agenda-legislativa-del-senado\/","title":{"rendered":"Con diversos temas ambientales comienza la agenda legislativa del Senado"},"content":{"rendered":"<p style=\"text-align: center;\"><em><strong>Se tratar\u00e1 el proyecto de Ley por el que se instituye el d\u00eda 4 de septiembre de cada a\u00f1o como &#8220;D\u00eda Provincial de las \u00c1reas Naturales Protegidas de Entre R\u00edos&#8221;<\/strong><\/em><\/p>\n<p>&nbsp;<\/p>\n<p>&nbsp;<\/p>\n<p>Este martes 3 de agosto habr\u00e1 reuniones de comisiones del Senado. En principio a las 10, lo har\u00e1 la de Producci\u00f3n con un temario que contempla el tratamiento del expediente N\u00b0 14043 por el que se modifican art\u00edculos de la Ley N\u00ba 8250 Inspecci\u00f3n Veterinaria y tambi\u00e9n el N\u00b0 14044 por el que se modifican art\u00edculos de la Ley N\u00ba 7292 Faenamiento, abastecimiento, industrializaci\u00f3n, transporte y comercializaci\u00f3n de carne para el consumo interno.<\/p>\n<p>A las 11, har\u00e1 lo propio la Comisi\u00f3n de Salud P\u00fablica, Medio Ambiente Humano y Drogadicci\u00f3n. Formar\u00e1n parte del trabajo legislativo varios expedientes: el N\u00b0 24303 que refiere a un proyecto de Ley por el que se crean los Servicios de Ingenier\u00eda en los Establecimientos de Salud, tanto p\u00fablicos como privados, de la Provincia de Entre R\u00edos y el N\u00b0 14083 que es un proyecto de Ley por el que se instituye el d\u00eda 04 de septiembre de cada a\u00f1o como &#8220;D\u00eda Provincial de las \u00c1reas Naturales Protegidas de Entre R\u00edos&#8221;, en conmemoraci\u00f3n de que en esa fecha del a\u00f1o 1924 se redact\u00f3 el testamento que plasm\u00f3 la voluntad de Don Enrique Berduc de crear el Parque General San Mart\u00edn.<\/p>\n<p>Tambi\u00e9n formar\u00e1n parte del temario el expediente N\u00b0 14036 que refiere a un proyecto de Ley por el que se declara \u00c1rea Natural Protegida, en la categor\u00eda Reserva de Usos M\u00faltiples, al Establecimiento Don Gil, del Departamento Gualeguaych\u00fa y el N\u00b0 13993 por el que se crea el Colegio de Profesionales Psicomotricistas de la Provincia de Entre R\u00edos.<\/p>\n<p>La comisi\u00f3n que encabeza la senadora Miranda, tambi\u00e9n pondr\u00e1 en an\u00e1lisis el expediente N\u00b0 13960 por el que se declara \u00c1rea Natural Protegida en la categor\u00eda Reserva de Uso M\u00faltiples, de conformidad a lo establecido en el Cap\u00edtulo VII de la Ley n\u00ba 10.479, al Establecimiento El Guayabo, ubicado en paraje El Chajar\u00ed, Distrito Mojones Sud 2\u00ba, Departamento Villaguay.<\/p>\n","protected":false},"excerpt":{"rendered":"<p>Se tratar\u00e1 el proyecto de Ley por el que se instituye el d\u00eda 4 de septiembre de cada a\u00f1o como &#8220;D\u00eda Provincial de las \u00c1reas Naturales Protegidas de Entre R\u00edos&#8221; &nbsp; &nbsp; Este martes 3 de agosto habr\u00e1 reuniones de comisiones del Senado. En principio a las 10, lo har\u00e1 la de Producci\u00f3n con un temario que contempla el tratamiento del expediente N\u00b0 14043 por el que se modifican art\u00edculos de la Ley N\u00ba 8250 Inspecci\u00f3n Veterinaria y tambi\u00e9n el N\u00b0 14044 por el que se modifican art\u00edculos de la&#8230;<\/p>\n","protected":false},"author":3,"featured_media":69205,"comment_status":"closed","ping_status":"closed","sticky":false,"template":"","format":"standard","meta":[],"categories":[15],"tags":[],"_links":{"self":[{"href":"https:\/\/www.actualidadadiario.com\/index.php\/wp-json\/wp\/v2\/posts\/76143"}],"collection":[{"href":"https:\/\/www.actualidadadiario.com\/index.php\/wp-json\/wp\/v2\/posts"}],"about":[{"href":"https:\/\/www.actualidadadiario.com\/index.php\/wp-json\/wp\/v2\/types\/post"}],"author":[{"embeddable":true,"href":"https:\/\/www.actualidadadiario.com\/index.php\/wp-json\/wp\/v2\/users\/3"}],"replies":[{"embeddable":true,"href":"https:\/\/www.actualidadadiario.com\/index.php\/wp-json\/wp\/v2\/comments?post=76143"}],"version-history":[{"count":1,"href":"https:\/\/www.actualidadadiario.com\/index.php\/wp-json\/wp\/v2\/posts\/76143\/revisions"}],"predecessor-version":[{"id":76144,"href":"https:\/\/www.actualidadadiario.com\/index.php\/wp-json\/wp\/v2\/posts\/76143\/revisions\/76144"}],"wp:featuredmedia":[{"embeddable":true,"href":"https:\/\/www.actualidadadiario.com\/index.php\/wp-json\/wp\/v2\/media\/69205"}],"wp:attachment":[{"href":"https:\/\/www.actualidadadiario.com\/index.php\/wp-json\/wp\/v2\/media?parent=76143"}],"wp:term":[{"taxonomy":"category","embeddable":true,"href":"https:\/\/www.actualidadadiario.com\/index.php\/wp-json\/wp\/v2\/categories?post=76143"},{"taxonomy":"post_tag","embeddable":true,"href":"https:\/\/www.actualidadadiario.com\/index.php\/wp-json\/wp\/v2\/tags?post=76143"}],"curies":[{"name":"wp","href":"https:\/\/api.w.org\/{rel}","templated":true}]}}