{"id":76140,"date":"2021-08-03T12:29:28","date_gmt":"2021-08-03T15:29:28","guid":{"rendered":"https:\/\/www.actualidadadiario.com\/?p=76140"},"modified":"2021-08-03T12:29:28","modified_gmt":"2021-08-03T15:29:28","slug":"piden-extender-el-feriado-de-agosto-y-que-sea-fin-de-semana-extra-largo","status":"publish","type":"post","link":"https:\/\/www.actualidadadiario.com\/index.php\/2021\/08\/03\/piden-extender-el-feriado-de-agosto-y-que-sea-fin-de-semana-extra-largo\/","title":{"rendered":"Piden extender el feriado de agosto y que sea fin de semana extra largo"},"content":{"rendered":"<p style=\"text-align: center;\"><em><strong>Tras los buenos n\u00fameros del receso invernal, el sector tur\u00edstico entrerriano pidi\u00f3 un feriado puente para este mes \u00b7 El secretario de Turismo de Entre R\u00edos, Gast\u00f3n Irazusta, confirm\u00f3 que el pedido de plante\u00f3 a nivel nacional, pero se\u00f1al\u00f3 que \u201ccomo viene atado al calendario educativo, no hay novedades&#8221;<\/strong><\/em><\/p>\n<p>&nbsp;<\/p>\n<p>&nbsp;<\/p>\n<p>Consultado sobre si se podr\u00e1 extender el feriado del 17 de agosto, sumando dos d\u00edas, Irazusta se\u00f1al\u00f3 que est\u00e1 hecho el pedido para que se extienda un d\u00eda m\u00e1s y sea feriado extra largo.<\/p>\n<p>Sin embargo, destac\u00f3 que la decisi\u00f3n es del calendario tur\u00edstico nacional. &#8220;Se ha planteado en distintas instancias a nivel nacional, pero como viene atado al calendario educativo, no tenemos novedades&#8221;, afirm\u00f3.<\/p>\n<p>&#8220;Veremos en los pr\u00f3ximos d\u00edas, siempre estamos buscando opciones que puedan mejorar la visita de los tur\u00edsticas. Es un fin de semana que genera expectativas&#8221;, apunt\u00f3 el funcionario provincial.<\/p>\n<p>A la vez, Irazusta destac\u00f3 el &#8220;muy buen movimiento, con casi medio mill\u00f3n de visitantes\u201d, que tiene la provincia desde el 9 de julio. Este movimiento comenz\u00f3 cuando arranc\u00f3 el per\u00edodo de vacaciones en Entre R\u00edos y algunas provincias vecinas, y tuvo un aumento importante durante los fines de semana y, m\u00e1s adelante, con el ingreso de turistas provenientes de la provincia de Buenos Aires. En ese marco, cit\u00f3 los casos de Col\u00f3n, Gualeguaych\u00fa, Concepci\u00f3n del Uruguay, Federal.<\/p>\n","protected":false},"excerpt":{"rendered":"<p>Tras los buenos n\u00fameros del receso invernal, el sector tur\u00edstico entrerriano pidi\u00f3 un feriado puente para este mes \u00b7 El secretario de Turismo de Entre R\u00edos, Gast\u00f3n Irazusta, confirm\u00f3 que el pedido de plante\u00f3 a nivel nacional, pero se\u00f1al\u00f3 que \u201ccomo viene atado al calendario educativo, no hay novedades&#8221; &nbsp; &nbsp; Consultado sobre si se podr\u00e1 extender el feriado del 17 de agosto, sumando dos d\u00edas, Irazusta se\u00f1al\u00f3 que est\u00e1 hecho el pedido para que se extienda un d\u00eda m\u00e1s y sea feriado extra largo. Sin embargo, destac\u00f3 que la&#8230;<\/p>\n","protected":false},"author":3,"featured_media":76141,"comment_status":"closed","ping_status":"closed","sticky":false,"template":"","format":"standard","meta":[],"categories":[15],"tags":[],"_links":{"self":[{"href":"https:\/\/www.actualidadadiario.com\/index.php\/wp-json\/wp\/v2\/posts\/76140"}],"collection":[{"href":"https:\/\/www.actualidadadiario.com\/index.php\/wp-json\/wp\/v2\/posts"}],"about":[{"href":"https:\/\/www.actualidadadiario.com\/index.php\/wp-json\/wp\/v2\/types\/post"}],"author":[{"embeddable":true,"href":"https:\/\/www.actualidadadiario.com\/index.php\/wp-json\/wp\/v2\/users\/3"}],"replies":[{"embeddable":true,"href":"https:\/\/www.actualidadadiario.com\/index.php\/wp-json\/wp\/v2\/comments?post=76140"}],"version-history":[{"count":1,"href":"https:\/\/www.actualidadadiario.com\/index.php\/wp-json\/wp\/v2\/posts\/76140\/revisions"}],"predecessor-version":[{"id":76142,"href":"https:\/\/www.actualidadadiario.com\/index.php\/wp-json\/wp\/v2\/posts\/76140\/revisions\/76142"}],"wp:featuredmedia":[{"embeddable":true,"href":"https:\/\/www.actualidadadiario.com\/index.php\/wp-json\/wp\/v2\/media\/76141"}],"wp:attachment":[{"href":"https:\/\/www.actualidadadiario.com\/index.php\/wp-json\/wp\/v2\/media?parent=76140"}],"wp:term":[{"taxonomy":"category","embeddable":true,"href":"https:\/\/www.actualidadadiario.com\/index.php\/wp-json\/wp\/v2\/categories?post=76140"},{"taxonomy":"post_tag","embeddable":true,"href":"https:\/\/www.actualidadadiario.com\/index.php\/wp-json\/wp\/v2\/tags?post=76140"}],"curies":[{"name":"wp","href":"https:\/\/api.w.org\/{rel}","templated":true}]}}