{"id":76136,"date":"2021-08-03T12:28:34","date_gmt":"2021-08-03T15:28:34","guid":{"rendered":"https:\/\/www.actualidadadiario.com\/?p=76136"},"modified":"2021-08-03T12:28:45","modified_gmt":"2021-08-03T15:28:45","slug":"se-licitaran-2-600-nuevas-viviendas-en-entre-rios-que-generaran-mas-de-5-000-puestos-de-trabajo","status":"publish","type":"post","link":"https:\/\/www.actualidadadiario.com\/index.php\/2021\/08\/03\/se-licitaran-2-600-nuevas-viviendas-en-entre-rios-que-generaran-mas-de-5-000-puestos-de-trabajo\/","title":{"rendered":"Se licitar\u00e1n 2.600 nuevas viviendas en Entre R\u00edos que generar\u00e1n m\u00e1s de 5.000 puestos de trabajo"},"content":{"rendered":"<p style=\"text-align: center;\"><em><strong>\u201cNunca nos detuvimos a preguntar de qu\u00e9 partido era un intendente para generar un plan de viviendas, y as\u00ed seguiremos trabajando. Siempre hemos tenido un trato igualitario y equitativo en materia de gesti\u00f3n, porque entendemos que se gestiona para todos\u201d, expres\u00f3 hoy el gobernador Gustavo Bordet<\/strong><\/em><\/p>\n<p>&nbsp;<\/p>\n<p>&nbsp;<\/p>\n<p>Fue al firmar convenios para licitar 2.592 viviendas en Entre R\u00edos.<\/p>\n<p>El mandatario rubric\u00f3 con 44 intendentes y presidentes de comunas los convenios para licitar 2.592 viviendas para las cuales la provincia destinar\u00e1 1.600 millones de pesos y la Naci\u00f3n 7.715 millones de pesos. Se generar\u00e1n unos 5200 nuevos puestos de trabajo.<\/p>\n<p>Tambi\u00e9n hizo saber que se envi\u00f3 a la Legislatura un proyecto de ley por el cual se asignar\u00e1n 30 millones de pesos a la Compa\u00f1\u00eda Entrerriana de Tierras. Los fondos estar\u00e1n destinados a peque\u00f1os municipios, comunas y juntas de gobierno, para adquirir terrenos para la construcci\u00f3n de viviendas.<\/p>\n<p>\u201cSiempre entendimos que la vivienda es un bien social, que hay muchas familias que no pueden acceder a una vivienda y que el Estado, sea nacional o provincial, tiene la obligaci\u00f3n de cumplir con un precepto constitucional de la vivienda propia&#8221;, afirm\u00f3 el gobernador.<\/p>\n<p>\u201cNo se gestiona con una visi\u00f3n sesgada de la pol\u00edtica y a esto los seguiremos sosteniendo porque genera los v\u00ednculos de confianza necesarios para que haya progreso, posibilidad de tener nuevas unidades habitacionales que beneficien a familias que es para lo que trabajamos todos. Este es el objetivo que tenemos que llevar adelante\u201d, asegur\u00f3.<\/p>\n<p>En el acto que se desarroll\u00f3 en el Centro Provincial de Convenciones, se firmaron convenios para construir 2592 viviendas en Entre R\u00edos, para lo La construcci\u00f3n ser\u00e1 en el marco de los Programas Casa Propia. Construir futuro y Primero tu casa, por los cuales se construir\u00e1n viviendas en 44 localidades de los 17 departamentos.<\/p>\n<p>El gobernador estuvo acompa\u00f1ado por la vicegobernadora Laura Stratta; el titular de Ente Nacional de Obras H\u00eddricas de Saneamiento (Enohsa), Enrique Cresto; el ministro de Planeamiento, Infraestructura y Servicios, Marcelo Richard; el presidente del Instituto Aut\u00e1rquico de la Vivienda y Planeamiento (IAPV), Marcelo Bisgoni; el intendente de Paran\u00e1, Ad\u00e1n Bahl, adem\u00e1s de presidentes municipales de diversas localidades entrerrianas, autoridades nacionales y provinciales. De manera virtual, presenciaron tambi\u00e9n el acto legisladores provinciales.<\/p>\n<p>&#8220;Entendemos que hay muchos municipios o comunas que tienen dificultades para poder comprar terrenos, sobre todos los m\u00e1s peque\u00f1os que no disponen a veces de los fondos. En este sentido, he dispuesto capitalizar la Compa\u00f1\u00eda Entrerriana de Tierras, por lo cual he enviado un proyecto de ley al Senado, que hoy ya tiene estado parlamentario, para transferir 30 millones de pesos y asistir a aquellas localidades que lo necesiten\u201d.<\/p>\n<p>Cabe se\u00f1alar que la Compa\u00f1\u00eda de Tierras funciona como una herramienta que tiene como fin facilitar los procesos de acceso al suelo como medio para promocionar la construcci\u00f3n de vivienda, considerando esto como la base del desarrollo en t\u00e9rminos de familia, sociedad y localidad.<\/p>\n<p>&nbsp;<\/p>\n<p><strong>Procesos licitatorios<\/strong><\/p>\n<p>Luego destac\u00f3 que de estas viviendas hay 2200 que se financian \u00edntegramente con fondos del gobierno nacional y que forman parte de un programa que viviendas que firmamos con el ministro Jorge Ferraresi.<\/p>\n<p>\u201cEl 100 por ciento son con financiamiento de Naci\u00f3n; anteriormente las viviendas se financiaban 66 por ciento Naci\u00f3n y 34 por ciento la provincia. El hecho de que el gobierno nacional, por una decisi\u00f3n del presidente Alberto Fern\u00e1ndez financia el 100 por ciento, nos posibilita a su vez liberar fondos para el programa Primero tu casa\u201d, expres\u00f3.<\/p>\n<p>Y agreg\u00f3: &#8220;Es una alegr\u00eda el hecho de poder retomar un programa de viviendas como lo fue el Programa Federal de Viviendas, donde el objetivo es poder llegar con viviendas a todo el universo, fundamentalmente a familias que tienen un nivel de ingresos que no le permite acceder a un cr\u00e9dito bancario ni contraer cr\u00e9ditos por UVA u otro sistema de actualizaci\u00f3n\u201d.<\/p>\n<p>Insisti\u00f3 en que por las casas financiadas por la provincia se paga &#8220;una cuota accesible, que se aumenta en la misma proporci\u00f3n que suben los sueldos&#8221; y que los beneficiarios surgen de sorteos &#8220;totalmente transparentes&#8221;.<\/p>\n<p>Se\u00f1al\u00f3 que &#8220;cuando iniciamos el programa Primero tu casa en el a\u00f1o 2017, lo inmediato que determinamos es que la actualizaci\u00f3n de ese programa se haga de acuerdo al aumento salarial y se tomaba como base general las paritarias que celebraba la provincia. Es decir, si hab\u00eda aumento de salario se incrementaba en el mismo monto la cuota, para garantizar que no se torne incobrable a muchas familias&#8221;.<\/p>\n<p>&#8220;Esto nos ha dado previsibilidad y ha hecho que hoy estemos llamando a licitaci\u00f3n casi 2600 viviendas; con casi 1000 viviendas que hoy tenemos en ejecuci\u00f3n en la provincia; y con 2200 viviendas m\u00e1s que vendr\u00e1n despu\u00e9s de la firma de los convenios, promediando unas 6000 viviendas que tendremos a fin de a\u00f1o en construcci\u00f3n&#8221;, apunt\u00f3.<\/p>\n<p>En ese sentido, transmiti\u00f3 a los intendentes y presidentes de comuna &#8220;que adem\u00e1s de estas 2200 viviendas que hoy estamos conviniendo, si cuentan con terrenos va a haber m\u00e1s cupos de viviendas para las pr\u00f3ximas 2200&#8221;.<\/p>\n<p>&nbsp;<\/p>\n<p><strong>Servicios esenciales<\/strong><\/p>\n<p>Por otro lado, les hizo saber que firm\u00f3 un convenio con el titular del Enohsa, Enrique Cresto, para llevar la provisi\u00f3n de los servicios, agua y cloaca fundamentalmente, a los terrenos que no los tienen, lo cual &#8220;nos permiti\u00f3 acelerar los tr\u00e1mites y poder avanzar en la licitaci\u00f3n de las viviendas, porque mientras realizamos todo el proceso licitatorio, y de ejecuci\u00f3n de obras, en forma paralela se van realizando la conexi\u00f3n de los servicios de agua y cloaca con lo cual cuando la vivienda est\u00e9 terminada contar\u00e1 con los servicios&#8221;.<\/p>\n<p>&#8220;Hoy es un d\u00eda muy importante porque esper\u00e9 muchos a\u00f1os de mi gesti\u00f3n para poder tener un plan integral de viviendas, porque con el plan provincial no nos alcanzaba. Cuando lo implementamos en 2017 hac\u00eda 21 a\u00f1os que la provincia no ten\u00eda un programa propio de viviendas \u00edntegramente con fondos provinciales y tuvimos que salir a buscar recursos para poder ejecutar y llevar adelante este programa. Con estas 2.200 viviendas del gobierno nacional m\u00e1s otras 2200 viviendas, es decir con 4400 viviendas solamente para este a\u00f1o 2021 , la verdad que nos da un impulso muy grande&#8221;.<\/p>\n<p>Por otro lado, asegur\u00f3 que &#8220;las adjudicaciones de estas viviendas se hacen con absoluta transparencia, con sorteos a trav\u00e9s del Iafas, que son p\u00fablicos, donde se garantizan los cupos para personas con discapacidad o que tienen alg\u00fan beneficio espec\u00edfico otorgado por alguna ley&#8221;.<\/p>\n<p>&#8220;Cuando se habla de un derecho tan fundamental como el techo propio, no podemos estar especulando con un beneficio particular, sino que tiene que ser un beneficio que llegue de manera general y universal. En este camino estaremos trabajando&#8221;, dijo finalmente.<\/p>\n<p>&nbsp;<\/p>\n<p><strong>D\u00eda especial<\/strong><\/p>\n<p>Por su parte, el presidente del IAPV, Marcelo Bisogni, dijo que &#8220;es un d\u00eda especial porque se alcanz\u00f3 la firma de 51 nuevos convenios con los municipios en el marco de la pol\u00edtica habitacional que viene desarrollando la provincia en la gesti\u00f3n del gobernador Gustavo Bordet en correspondencia con el gobierno nacional del presidente Alberto Fern\u00e1ndez&#8221;.<\/p>\n<p>Transmiti\u00f3 luego, tras haberse comunicado a primera hora de la ma\u00f1ana con el ministro de Vivienda y H\u00e1bitat, Jorge Ferraresi, el saludo y el compromiso que &#8220;hiciera con el gobernador en 2021 por 2.200 nuevas viviendas m\u00e1s a partir de octubre&#8221;. En ese marco, solicit\u00f3 a los intendentes que &#8220;se siga trabajando en los bancos de tierras y en m\u00e1s terrenos para construir m\u00e1s viviendas&#8221;.<\/p>\n<p>Detall\u00f3 tambi\u00e9n que en el marco del Programa Casa Propia se prev\u00e9n inversiones en el orden de 7.715 millones de pesos por parte del gobierno nacional, y por parte de la provincia de 1.110 millones de pesos. &#8220;Naci\u00f3n financia la construcci\u00f3n de la vivienda, y desde la provincia, con fondos provinciales, se financiar\u00e1n las obras de infraestructura. A esto se suma el aporte de los lotes y las obras de nexos para lo cual, en m\u00e1s de una oportunidad, hemos contado con el acompa\u00f1amiento y dentro del convenio marco que firm\u00f3 el gobernador con el Enohsa&#8221;, detall\u00f3. Sobre esto, destac\u00f3 luego el acompa\u00f1amiento del titular del Enohsa, Enrique Cresto. &#8220;Tambi\u00e9n necesitamos seguir trabajando con las obras de nexos que necesitamos con esto lotes&#8221;, acot\u00f3. En cuanto a la innovaci\u00f3n en la actualizaci\u00f3n de precios para los nuevos llamados a licitaci\u00f3n, precis\u00f3 que ser\u00e1 por el sistema UVI para hacer efectivo el pago a las empresas.<\/p>\n<p>&#8220;Desde el programa provincial Primero Tu Casa, respecto a las licitaciones del programa, se prev\u00e9 una inversi\u00f3n por parte de la provincia de 1.600 millones de pesos que es el 100 por ciento a cargo del gobierno provincial. En ese caso, la provincia financia la obra de infraestructura y de la vivienda. Son 28 localidades que acceden por este programa para la construcci\u00f3n de 300 nuevas viviendas que atender\u00e1n la demanda habitacional de nuestras familias entrerrianas&#8221;, precis\u00f3.<\/p>\n<p>M\u00e1s adelante, el presidente del IAPV inform\u00f3 que se encuentran en ejecuci\u00f3n 991 viviendas en 33 localidades entrerrianas, y apunt\u00f3 que desde 2015 se construyeron 3.751 viviendas. &#8220;Para garantizar la transparencia en el sistema de adjudicaci\u00f3n se realizan sorteos con transmisi\u00f3n en vivo y la correspondiente legitimidad aportada por la presencia de escribanos p\u00fablicos&#8221;, remarc\u00f3. Explic\u00f3 que rige un sistema solidario en el pago de las cuotas que se actualizan en pesos conforme a los valores de las paritarias. &#8220;Esto permite asegurar la continuidad de la inversi\u00f3n para nuevas viviendas para m\u00e1s familias entrerrianas&#8221;, subray\u00f3.<\/p>\n<p>Dijo que todas las familias pueden acceder a la inscripci\u00f3n para una vivienda a trav\u00e9s de la p\u00e1gina del IAPV, www.iapv.gob.ar, al completar el formulario accesible y sencillo. &#8220;Ambos programas se desarrollan con el trabajo en conjunto a trav\u00e9s de la comunas y las juntas e gobierno con el aporte de los terrenos, las obras nexos; la provincia trabajando el dise\u00f1o t\u00e9cnico y Naci\u00f3n, en el Casa Propia, financiando la construcci\u00f3n de la vivienda&#8221;, inform\u00f3.<\/p>\n<p>Resalt\u00f3 luego la generaci\u00f3n de nuevos puestos de trabajo. Seg\u00fan los datos informados por Uocra, en 2020 -a partir de la pandemia- se ten\u00eda 4800 obreros activos y formales. &#8220;Hoy tenemos 6.200 obreros formales, y a partir de estos nuevos llamados a licitaci\u00f3n se crear\u00e1n 5.200 nuevos puestos de trabajo. As\u00ed que los invito a trabajar y continuar haci\u00e9ndolo de esta manera&#8221;, agreg\u00f3<\/p>\n<p>Finalmente, agradeci\u00f3 al gobernador Bordet &#8220;por el acompa\u00f1amiento y el apoyo permanente, tanto suyo como de todo el equipo de trabajo del gobierno provincial&#8221;.<\/p>\n<p>&nbsp;<\/p>\n<p><strong>Programas, localidades y viviendas<\/strong><\/p>\n<p>En el marco del Programa Casa Propia, se firmaron convenios para 2.200 viviendas en las localidades de Victoria, Chajar\u00ed, Concordia, Diamante, La Criolla, Rosario del Tala, Liebig, San Salvador, Urdinarrain, Nogoy\u00e1, Federal, La Paz, San Jos\u00e9, San Salvador, Feliciano, Aldea San Antonio, Maci\u00e1, Concepci\u00f3n del Uruguay, Col\u00f3n, Gualeguay, Villa Paranacito, Col\u00f3n, Gualeguay, Villaguay y Paran\u00e1. Adem\u00e1s, se hizo lo propio con el municipio de Paran\u00e1 en el marco del Programa Reconstruir.<\/p>\n<p>En tanto, en el Programa Primero tu casa se construir\u00e1n 392 viviendas en Piedras Blancas, Ceibas, Viale, Feliciano, Nogoy\u00e1, Larroque, Colonia Avigdor, Basavilbaso, Federaci\u00f3n, Ibicuy, Colonia Ayu\u00ed, Villa del Rosario, Estancia Grande, Mar\u00eda Grande, Villa Elisa, 1\u00ba de Mayo, Concepci\u00f3n del Uruguay, Tabossi, San Jaime, El Cimarr\u00f3n, Enrique Carb\u00f3, Chajar\u00ed, Pueblo General Belgrano, San Salvador, Villaguay, Diamante Strobel, San Gustavo y Estaci\u00f3n Sosa.<\/p>\n","protected":false},"excerpt":{"rendered":"<p>\u201cNunca nos detuvimos a preguntar de qu\u00e9 partido era un intendente para generar un plan de viviendas, y as\u00ed seguiremos trabajando. Siempre hemos tenido un trato igualitario y equitativo en materia de gesti\u00f3n, porque entendemos que se gestiona para todos\u201d, expres\u00f3 hoy el gobernador Gustavo Bordet &nbsp; &nbsp; Fue al firmar convenios para licitar 2.592 viviendas en Entre R\u00edos. El mandatario rubric\u00f3 con 44 intendentes y presidentes de comunas los convenios para licitar 2.592 viviendas para las cuales la provincia destinar\u00e1 1.600 millones de pesos y la Naci\u00f3n 7.715 millones&#8230;<\/p>\n","protected":false},"author":3,"featured_media":76137,"comment_status":"closed","ping_status":"closed","sticky":false,"template":"","format":"standard","meta":[],"categories":[9,15],"tags":[],"_links":{"self":[{"href":"https:\/\/www.actualidadadiario.com\/index.php\/wp-json\/wp\/v2\/posts\/76136"}],"collection":[{"href":"https:\/\/www.actualidadadiario.com\/index.php\/wp-json\/wp\/v2\/posts"}],"about":[{"href":"https:\/\/www.actualidadadiario.com\/index.php\/wp-json\/wp\/v2\/types\/post"}],"author":[{"embeddable":true,"href":"https:\/\/www.actualidadadiario.com\/index.php\/wp-json\/wp\/v2\/users\/3"}],"replies":[{"embeddable":true,"href":"https:\/\/www.actualidadadiario.com\/index.php\/wp-json\/wp\/v2\/comments?post=76136"}],"version-history":[{"count":2,"href":"https:\/\/www.actualidadadiario.com\/index.php\/wp-json\/wp\/v2\/posts\/76136\/revisions"}],"predecessor-version":[{"id":76139,"href":"https:\/\/www.actualidadadiario.com\/index.php\/wp-json\/wp\/v2\/posts\/76136\/revisions\/76139"}],"wp:featuredmedia":[{"embeddable":true,"href":"https:\/\/www.actualidadadiario.com\/index.php\/wp-json\/wp\/v2\/media\/76137"}],"wp:attachment":[{"href":"https:\/\/www.actualidadadiario.com\/index.php\/wp-json\/wp\/v2\/media?parent=76136"}],"wp:term":[{"taxonomy":"category","embeddable":true,"href":"https:\/\/www.actualidadadiario.com\/index.php\/wp-json\/wp\/v2\/categories?post=76136"},{"taxonomy":"post_tag","embeddable":true,"href":"https:\/\/www.actualidadadiario.com\/index.php\/wp-json\/wp\/v2\/tags?post=76136"}],"curies":[{"name":"wp","href":"https:\/\/api.w.org\/{rel}","templated":true}]}}