{"id":76133,"date":"2021-08-03T12:27:40","date_gmt":"2021-08-03T15:27:40","guid":{"rendered":"https:\/\/www.actualidadadiario.com\/?p=76133"},"modified":"2021-08-03T12:27:40","modified_gmt":"2021-08-03T15:27:40","slug":"bordet-valoro-el-reconocimiento-presidencial-a-la-campana-de-vacunacion-en-entre-rios","status":"publish","type":"post","link":"https:\/\/www.actualidadadiario.com\/index.php\/2021\/08\/03\/bordet-valoro-el-reconocimiento-presidencial-a-la-campana-de-vacunacion-en-entre-rios\/","title":{"rendered":"Bordet valor\u00f3 el reconocimiento presidencial a la campa\u00f1a de vacunaci\u00f3n en Entre R\u00edos"},"content":{"rendered":"<p style=\"text-align: center;\"><em><strong>El gobernador Gustavo Bordet dijo que el elogio del presidente Alberto Fern\u00e1ndez por la vacunaci\u00f3n en Entre R\u00edos, le gener\u00f3 \u00abmucha satisfacci\u00f3n\u201d y destac\u00f3 que \u201cse ha trabajado mucho y bien en materia de salud para prepararnos para la pandemia\u201d<\/strong><\/em><\/p>\n<p>&nbsp;<\/p>\n<p>&nbsp;<\/p>\n<p>\u201cTen\u00edamos un gran desaf\u00edo que era duplicar nuestro sistema de salud en cuanto a camas de terapia intensiva, internaci\u00f3n general, poder tener todos los equipamientos necesarios y efectivamente esto ocurri\u00f3. Ning\u00fan entrerriano y entrerriana a lo largo de este a\u00f1o y medio de pandemia dej\u00f3 de ser atendido por nuestro sistema p\u00fablico o privado de Salud. Siempre, hasta en los momentos m\u00e1s cr\u00edticos, hemos brindado a todos los pacientes una atenci\u00f3n de excelencia. Me toc\u00f3 personalmente estar en el hospital p\u00fablico y la verdad es que no tengo m\u00e1s que palabras de agradecimiento y esto se traduce en cualquier entrerriano o entrerriana que haya estado o requerido el servicio de salud p\u00fablica en la provincia\u00bb, sostuvo.<\/p>\n<p>En cuanto a la inoculaci\u00f3n contra el Covid-19 en la provincia, que fue destacada por el presidente Alberto Fern\u00e1ndez, el gobernador sostuvo que se pudieron \u00abgenerar campa\u00f1as masivas de vacunaci\u00f3n en ciudades como Concordia o Paran\u00e1. En Paran\u00e1 8.000 j\u00f3venes mayores de 18 a\u00f1os y otros mayores de 25 se han vacunado en una sola jornada, con una organizaci\u00f3n perfecta\u00bb.<\/p>\n<p>\u00abEl 90 por ciento de la poblaci\u00f3n objetiva, es decir mayores de 18 a\u00f1os, est\u00e1 vacunado y ahora estamos comenzando a vacunar entre 12 y 17 a\u00f1os con comorbilidades\u00bb, expres\u00f3. Luego resalt\u00f3 que \u00abagosto es el mes de las segundas dosis\u201d y detall\u00f3 que \u201chay 700.000 entrerrianas y entrerrianos que tienen una dosis y 200.000 que tienen las dos dosis, y este mes vamos a trabajar fuertemente habida cuenta que ya llegamos al 90 por ciento al menos con una dosis, de poder llegar a incrementar el n\u00famero de los que tienen las dos dosis. Ese es el objetivo que nos hemos propuesto y habla tambi\u00e9n de un compromiso muy grande de todo el personal de salud, pero tambi\u00e9n de todo el equipo de gobierno que ha estado trabajando, apoyando a nuestros m\u00e9dicos, a enfermeras, a enfermeros, a todo el personal y agentes sanitarios\u00bb.<\/p>\n","protected":false},"excerpt":{"rendered":"<p>El gobernador Gustavo Bordet dijo que el elogio del presidente Alberto Fern\u00e1ndez por la vacunaci\u00f3n en Entre R\u00edos, le gener\u00f3 \u00abmucha satisfacci\u00f3n\u201d y destac\u00f3 que \u201cse ha trabajado mucho y bien en materia de salud para prepararnos para la pandemia\u201d &nbsp; &nbsp; \u201cTen\u00edamos un gran desaf\u00edo que era duplicar nuestro sistema de salud en cuanto a camas de terapia intensiva, internaci\u00f3n general, poder tener todos los equipamientos necesarios y efectivamente esto ocurri\u00f3. Ning\u00fan entrerriano y entrerriana a lo largo de este a\u00f1o y medio de pandemia dej\u00f3 de ser atendido&#8230;<\/p>\n","protected":false},"author":3,"featured_media":76134,"comment_status":"closed","ping_status":"closed","sticky":false,"template":"","format":"standard","meta":[],"categories":[15],"tags":[],"_links":{"self":[{"href":"https:\/\/www.actualidadadiario.com\/index.php\/wp-json\/wp\/v2\/posts\/76133"}],"collection":[{"href":"https:\/\/www.actualidadadiario.com\/index.php\/wp-json\/wp\/v2\/posts"}],"about":[{"href":"https:\/\/www.actualidadadiario.com\/index.php\/wp-json\/wp\/v2\/types\/post"}],"author":[{"embeddable":true,"href":"https:\/\/www.actualidadadiario.com\/index.php\/wp-json\/wp\/v2\/users\/3"}],"replies":[{"embeddable":true,"href":"https:\/\/www.actualidadadiario.com\/index.php\/wp-json\/wp\/v2\/comments?post=76133"}],"version-history":[{"count":1,"href":"https:\/\/www.actualidadadiario.com\/index.php\/wp-json\/wp\/v2\/posts\/76133\/revisions"}],"predecessor-version":[{"id":76135,"href":"https:\/\/www.actualidadadiario.com\/index.php\/wp-json\/wp\/v2\/posts\/76133\/revisions\/76135"}],"wp:featuredmedia":[{"embeddable":true,"href":"https:\/\/www.actualidadadiario.com\/index.php\/wp-json\/wp\/v2\/media\/76134"}],"wp:attachment":[{"href":"https:\/\/www.actualidadadiario.com\/index.php\/wp-json\/wp\/v2\/media?parent=76133"}],"wp:term":[{"taxonomy":"category","embeddable":true,"href":"https:\/\/www.actualidadadiario.com\/index.php\/wp-json\/wp\/v2\/categories?post=76133"},{"taxonomy":"post_tag","embeddable":true,"href":"https:\/\/www.actualidadadiario.com\/index.php\/wp-json\/wp\/v2\/tags?post=76133"}],"curies":[{"name":"wp","href":"https:\/\/api.w.org\/{rel}","templated":true}]}}