{"id":76125,"date":"2021-08-03T12:25:23","date_gmt":"2021-08-03T15:25:23","guid":{"rendered":"https:\/\/www.actualidadadiario.com\/?p=76125"},"modified":"2021-08-03T12:25:23","modified_gmt":"2021-08-03T15:25:23","slug":"el-presidente-cumple-hoy-su-ultimo-dia-de-aislamiento-tras-el-viaje-a-peru","status":"publish","type":"post","link":"https:\/\/www.actualidadadiario.com\/index.php\/2021\/08\/03\/el-presidente-cumple-hoy-su-ultimo-dia-de-aislamiento-tras-el-viaje-a-peru\/","title":{"rendered":"El Presidente cumple hoy su \u00faltimo d\u00eda de aislamiento, tras el viaje a Per\u00fa"},"content":{"rendered":"<p style=\"text-align: center;\"><em><strong>El viernes \u00faltimo, tras el arribo de Fern\u00e1ndez y su comitiva a Buenos Aires, el Gobierno inform\u00f3 en un comunicado que todos se encontraban &#8220;cumpliendo un aislamiento de manera preventiva&#8221;<\/strong><\/em><\/p>\n<p>&nbsp;<\/p>\n<p>&nbsp;<\/p>\n<p>El presidente Alberto Fern\u00e1ndez cumple este martes su \u00faltimo d\u00eda de aislamiento de manera preventiva, en el marco de los protocolos por el coronavirus, debido al viaje que realiz\u00f3 la semana pasada a Per\u00fa para asistir a la asunci\u00f3n del presidente de ese pa\u00eds, Pedro Castillo.<\/p>\n<p>El viernes, tras el arribo de Fern\u00e1ndez y su comitiva a Buenos Aires, el Gobierno inform\u00f3 en un comunicado que todos se encontraban &#8220;cumpliendo un aislamiento de manera preventiva&#8221;.<\/p>\n<p>&#8220;Tras su regreso a la Argentina, el presidente Alberto Fern\u00e1ndez y la comitiva que participaron en Per\u00fa de los actos de asunci\u00f3n del primer mandatario de ese pa\u00eds, y pese a estar exceptuados por la Decisi\u00f3n Administrativa 683\/2021, se encuentran cumpliendo un aislamiento de manera preventiva. Son monitoreados por la unidad m\u00e9dica presidencial&#8221;, dec\u00eda el comunicado oficial.<\/p>\n<p>El presidente Alberto Fern\u00e1ndez asisti\u00f3 la semana pasada en Per\u00fa de los actos de jura del flamante presidente de ese pa\u00eds, Pedro Castillo.<\/p>\n<p>El jefe de Estado argentino estuvo acompa\u00f1ado por la primera dama, Fabiola Ya\u00f1ez; el canciller, Felipe Sol\u00e1; la ministra de Mujeres, G\u00e9neros y Diversidad, Elizabeth G\u00f3mez Alcorta; los secretarios General de la Presidencia, Julio Vitobello, y de Comunicaci\u00f3n y Prensa, Juan Pablo Biondi; y el diputado nacional, Eduardo Vald\u00e9s, titular de la Comisi\u00f3n de Relaciones Exteriores de la C\u00e1mara baja.<\/p>\n","protected":false},"excerpt":{"rendered":"<p>El viernes \u00faltimo, tras el arribo de Fern\u00e1ndez y su comitiva a Buenos Aires, el Gobierno inform\u00f3 en un comunicado que todos se encontraban &#8220;cumpliendo un aislamiento de manera preventiva&#8221; &nbsp; &nbsp; El presidente Alberto Fern\u00e1ndez cumple este martes su \u00faltimo d\u00eda de aislamiento de manera preventiva, en el marco de los protocolos por el coronavirus, debido al viaje que realiz\u00f3 la semana pasada a Per\u00fa para asistir a la asunci\u00f3n del presidente de ese pa\u00eds, Pedro Castillo. El viernes, tras el arribo de Fern\u00e1ndez y su comitiva a Buenos&#8230;<\/p>\n","protected":false},"author":3,"featured_media":72968,"comment_status":"closed","ping_status":"closed","sticky":false,"template":"","format":"standard","meta":[],"categories":[18],"tags":[],"_links":{"self":[{"href":"https:\/\/www.actualidadadiario.com\/index.php\/wp-json\/wp\/v2\/posts\/76125"}],"collection":[{"href":"https:\/\/www.actualidadadiario.com\/index.php\/wp-json\/wp\/v2\/posts"}],"about":[{"href":"https:\/\/www.actualidadadiario.com\/index.php\/wp-json\/wp\/v2\/types\/post"}],"author":[{"embeddable":true,"href":"https:\/\/www.actualidadadiario.com\/index.php\/wp-json\/wp\/v2\/users\/3"}],"replies":[{"embeddable":true,"href":"https:\/\/www.actualidadadiario.com\/index.php\/wp-json\/wp\/v2\/comments?post=76125"}],"version-history":[{"count":1,"href":"https:\/\/www.actualidadadiario.com\/index.php\/wp-json\/wp\/v2\/posts\/76125\/revisions"}],"predecessor-version":[{"id":76126,"href":"https:\/\/www.actualidadadiario.com\/index.php\/wp-json\/wp\/v2\/posts\/76125\/revisions\/76126"}],"wp:featuredmedia":[{"embeddable":true,"href":"https:\/\/www.actualidadadiario.com\/index.php\/wp-json\/wp\/v2\/media\/72968"}],"wp:attachment":[{"href":"https:\/\/www.actualidadadiario.com\/index.php\/wp-json\/wp\/v2\/media?parent=76125"}],"wp:term":[{"taxonomy":"category","embeddable":true,"href":"https:\/\/www.actualidadadiario.com\/index.php\/wp-json\/wp\/v2\/categories?post=76125"},{"taxonomy":"post_tag","embeddable":true,"href":"https:\/\/www.actualidadadiario.com\/index.php\/wp-json\/wp\/v2\/tags?post=76125"}],"curies":[{"name":"wp","href":"https:\/\/api.w.org\/{rel}","templated":true}]}}