{"id":76114,"date":"2021-08-03T12:21:59","date_gmt":"2021-08-03T15:21:59","guid":{"rendered":"https:\/\/www.actualidadadiario.com\/?p=76114"},"modified":"2021-08-03T12:22:24","modified_gmt":"2021-08-03T15:22:24","slug":"el-estado-entrego-cannabis-medicinal-a-pacientes-con-epilepsia-del-hospital-garrahan","status":"publish","type":"post","link":"https:\/\/www.actualidadadiario.com\/index.php\/2021\/08\/03\/el-estado-entrego-cannabis-medicinal-a-pacientes-con-epilepsia-del-hospital-garrahan\/","title":{"rendered":"El Estado entreg\u00f3 cannabis medicinal a pacientes con epilepsia del Hospital Garrahan"},"content":{"rendered":"<p style=\"text-align: center;\"><em><strong>Es la primera entrega que realiza el ministerio de Salud de un derivado de esta droga para uso farmacol\u00f3gico. Ser\u00e1 destinada al tratamiento de 14 ni\u00f1os durante los pr\u00f3ximos meses<\/strong><\/em><\/p>\n<p>&nbsp;<\/p>\n<p>&nbsp;<\/p>\n<p>El Ministerio de Salud de la Naci\u00f3n, a trav\u00e9s del Programa de Cannabis Medicinal, realiz\u00f3 este lunes la primera entrega de formulaciones basadas en cannabis a pacientes con epilepsia del Hospital &#8220;Prof. Dr. Juan P. Garrahan&#8221;, alcanzando un hito en el cumplimiento de objetivos relativos a asegurar y promover el cuidado integral de la salud y el acceso gratuito al aceite de c\u00e1\u00f1amo a toda persona que, en las condiciones establecidas, se incorpore al programa.<\/p>\n<p>Este aceite de cannabis es de grado farmac\u00e9utico, purificado y altamente concentrado, para el tratamiento de pacientes con epilepsia farmacorresistente, con convulsiones asociadas con el s\u00edndrome de Lennox-Gastaut, el s\u00edndrome de Dravet y en epilepsia relacionada a Esclerosis Tuberosa.<\/p>\n<p>\u201cEstamos haciendo entrega por primera vez de un derivado del cannabis de producci\u00f3n nacional. Esta es una pol\u00edtica priorizada desde el Ministerio de Salud que va a beneficiar a pacientes que se encuentran actualmente en tratamiento con este producto. Es un d\u00eda importante porque tenemos accesibilidad al tratamiento, producci\u00f3n nacional y este trabajo conjunto entre los hospitales y el Ministerio de Salud de la Naci\u00f3n\u201d, destac\u00f3 Sandra Tirado, secretaria de Acceso a la Salud, al encabezar el acto en el hospital.<\/p>\n<p>Los frascos de 35 ml de soluci\u00f3n oral que componen esta entrega ser\u00e1n distribuidos para cubrir las demandas de los pr\u00f3ximos meses para 14 pacientes que tratan sus afecciones en el hospital, marcando un claro avance respecto al acceso a la terap\u00e9utica con cannabinoides.<\/p>\n<p>\u201cEste es un momento muy importante donde el Estado se hace presente tratando de asegurarnos la calidad de un producto estandarizado en una patolog\u00eda que realmente condiciona la calidad de vida de nuestras familias, acompa\u00f1ados por un m\u00e9dico o por un hospital de referencia en epilepsia refractaria\u201d, se\u00f1al\u00f3 Marcelo Morante, coordinador del Programa de Cannabis Medicinal de la cartera sanitaria nacional, y agreg\u00f3 \u201ceste es el escenario ideal para conducir estos procesos: el Estado presente acercando posturas desde la sociedad cient\u00edfica y la mam\u00e1 que cultiva, encontrando estos espacios de seguridad y eficacia que es el camino que nos va a conducir a eso que buscamos que es la mejor\u00eda de esta patolog\u00eda que tanto incapacita\u201d.<\/p>\n<p>Por su parte, el jefe del servicio de Neurolog\u00eda del hospital, Roberto Caravallo, indic\u00f3 que \u201cen estos ni\u00f1os que presentan crisis convulsivas frecuentes o diarias, algunas de ellas severas, condiciona la calidad de vida del paciente y de la familia, por lo tanto el uso de este tratamiento es importante para controlar las crisis, para disminuirlas y de esa manera favorecer una mejor calidad de vida del ni\u00f1o y de la familia. Esa es la indicaci\u00f3n fundamental de este nuevo producto terap\u00e9utico\u201d.<\/p>\n<p>El Programa Nacional para el Estudio y la Investigaci\u00f3n del Uso Medicinal de la Planta de Cannabis y sus Derivados y Tratamientos No Convencionales \u2013conocido como Programa de Cannabis Medicinal, y dependiente de la Direcci\u00f3n Nacional de Medicamentos y Tecnolog\u00eda Sanitaria\u2013 fue creado en 2017, mediante la ley 27.350 de uso medicinal de la planta de cannabis y sus derivados, con el objetivo de establecer un marco regulatorio para la investigaci\u00f3n m\u00e9dica y cient\u00edfica del uso medicinal, terap\u00e9utico y\/o paliativo del dolor de la planta de cannabis y sus derivados, garantizando y promoviendo el cuidado integral de la salud.<\/p>\n<p>A partir de 2020, se impulsaron pol\u00edticas p\u00fablicas para garantizar un acceso seguro a los derivados del cannabis que se usen con fines medicinales, terap\u00e9uticos y paliativos.<\/p>\n<p>En este contexto, un trabajo articulado por el Programa de Cannabis Medicinal, el servicio de Neurolog\u00eda del Hospital Garrahan encabez\u00f3 un grupo de investigaci\u00f3n espec\u00edfica cuyos estudios confirmaron al CBD como una herramienta terap\u00e9utica sumamente valiosa como adyuvante al tratamiento antiepil\u00e9ptico en ni\u00f1os y ni\u00f1as con encefalopat\u00edas epil\u00e9pticas refractarias.<\/p>\n<p>En dichos estudios se demostraron niveles de mejor\u00eda altamente satisfactorios con respuestas positivas en m\u00e1s del 80% de los casos estudiados y una reducci\u00f3n del n\u00famero de crisis a un 60%. Los resultados indican que su uso contribuye tambi\u00e9n a mejorar notablemente aspectos cognitivos, conductuales y motores, repercutiendo en una mejora en la calidad de vida, tanto de las y los pacientes como de sus familias.<\/p>\n<p>En el acto de entrega, que se realiz\u00f3 este mediod\u00eda en el hospital, participaron adem\u00e1s el Presidente del Consejo de Administraci\u00f3n del Garrahan, Guillermo Gonz\u00e1lez Prieto, la directora m\u00e9dica ejecutiva Patricia Garc\u00eda Arrigoni, los subsecretarios de Gesti\u00f3n de Servicios e Institutos, Alejandro Collia y de Medicamentos e Informaci\u00f3n Estrat\u00e9gica, Gast\u00f3n Mor\u00e1n.<\/p>\n","protected":false},"excerpt":{"rendered":"<p>Es la primera entrega que realiza el ministerio de Salud de un derivado de esta droga para uso farmacol\u00f3gico. Ser\u00e1 destinada al tratamiento de 14 ni\u00f1os durante los pr\u00f3ximos meses &nbsp; &nbsp; El Ministerio de Salud de la Naci\u00f3n, a trav\u00e9s del Programa de Cannabis Medicinal, realiz\u00f3 este lunes la primera entrega de formulaciones basadas en cannabis a pacientes con epilepsia del Hospital &#8220;Prof. Dr. Juan P. Garrahan&#8221;, alcanzando un hito en el cumplimiento de objetivos relativos a asegurar y promover el cuidado integral de la salud y el acceso&#8230;<\/p>\n","protected":false},"author":3,"featured_media":76117,"comment_status":"closed","ping_status":"closed","sticky":false,"template":"","format":"standard","meta":[],"categories":[18],"tags":[],"_links":{"self":[{"href":"https:\/\/www.actualidadadiario.com\/index.php\/wp-json\/wp\/v2\/posts\/76114"}],"collection":[{"href":"https:\/\/www.actualidadadiario.com\/index.php\/wp-json\/wp\/v2\/posts"}],"about":[{"href":"https:\/\/www.actualidadadiario.com\/index.php\/wp-json\/wp\/v2\/types\/post"}],"author":[{"embeddable":true,"href":"https:\/\/www.actualidadadiario.com\/index.php\/wp-json\/wp\/v2\/users\/3"}],"replies":[{"embeddable":true,"href":"https:\/\/www.actualidadadiario.com\/index.php\/wp-json\/wp\/v2\/comments?post=76114"}],"version-history":[{"count":1,"href":"https:\/\/www.actualidadadiario.com\/index.php\/wp-json\/wp\/v2\/posts\/76114\/revisions"}],"predecessor-version":[{"id":76116,"href":"https:\/\/www.actualidadadiario.com\/index.php\/wp-json\/wp\/v2\/posts\/76114\/revisions\/76116"}],"wp:featuredmedia":[{"embeddable":true,"href":"https:\/\/www.actualidadadiario.com\/index.php\/wp-json\/wp\/v2\/media\/76117"}],"wp:attachment":[{"href":"https:\/\/www.actualidadadiario.com\/index.php\/wp-json\/wp\/v2\/media?parent=76114"}],"wp:term":[{"taxonomy":"category","embeddable":true,"href":"https:\/\/www.actualidadadiario.com\/index.php\/wp-json\/wp\/v2\/categories?post=76114"},{"taxonomy":"post_tag","embeddable":true,"href":"https:\/\/www.actualidadadiario.com\/index.php\/wp-json\/wp\/v2\/tags?post=76114"}],"curies":[{"name":"wp","href":"https:\/\/api.w.org\/{rel}","templated":true}]}}