{"id":76111,"date":"2021-08-03T12:21:03","date_gmt":"2021-08-03T15:21:03","guid":{"rendered":"https:\/\/www.actualidadadiario.com\/?p=76111"},"modified":"2021-08-03T12:21:03","modified_gmt":"2021-08-03T15:21:03","slug":"salario-minimo-el-gobierno-impulsara-suba-de-entre-7-y-10","status":"publish","type":"post","link":"https:\/\/www.actualidadadiario.com\/index.php\/2021\/08\/03\/salario-minimo-el-gobierno-impulsara-suba-de-entre-7-y-10\/","title":{"rendered":"Salario m\u00ednimo: el Gobierno impulsar\u00e1 suba de entre 7% y 10%"},"content":{"rendered":"<p style=\"text-align: center;\"><em><strong>Se buscar\u00e1 que siga el mismo curso que el resto de las negociaciones paritarias. No descartan que se llegue a un consenso y que el aumento se d\u00e9 por decreto<\/strong><\/em><\/p>\n<p>&nbsp;<\/p>\n<p>&nbsp;<\/p>\n<p>Fuentes oficiales adelantaron que el Gobierno buscar\u00e1 que el aumento del salario m\u00ednimo vital y m\u00f3vil equipare a las subas que vienen teniendo el resto de las negociaciones paritarias. Para eso impulsar\u00e1n una recomposici\u00f3n de entre el 7% y el 10% en la revisi\u00f3n prevista para el mes de septiembre. De conseguir consenso con todos los actores que negocia el ministro de Trabajo, Claudio Moroni, podr\u00eda instrumentarse directamente a trav\u00e9s de un decreto.<\/p>\n<p>El Ejecutivo tom\u00f3 el compromiso de que los salarios le ganen a la inflaci\u00f3n. Es por eso que ante el avance acelerado de los precios viene autorizando la reapertura de las distintas paritarias. En el caso del salario m\u00ednimo, lo que ya se hizo el mes pasado fue adelantar a septiembre las cuotas de los aumentos que se iban a terminar de cobrar en febrero de 2022.<\/p>\n<p>Para el mes de septiembre tambi\u00e9n est\u00e1 prevista una revisi\u00f3n del acuerdo, que entre todas las cuotas alcanzaba un 35%. Seg\u00fan confirmaron fuentes oficiales, el Gobierno promover\u00e1 para esa instancia una suba de entre el 7% y el 10%. \u201cLa idea es que el a\u00f1o paritario del salario m\u00ednimo alcance al nivel que vienen teniendo el resto de las negociaciones salariales\u201d, resalt\u00f3 un importante funcionario a este medio.<\/p>\n<p>Si bien el monto debe acordarse en el Consejo del Salario que est\u00e1 compuesto por 32 miembros, en el Ejecutivo esperan consensuar con todos los actores una cifra que posicione el total del aumento cerca del 45%. De esta manera, Moroni podr\u00eda concretar la suba de manera m\u00e1s \u00e1gil directamente por decreto, tal como se hizo el mes pasado con el adelantamiento de las cuotas.<\/p>\n<p>En el Gobierno esperan que la medida tenga un efecto econ\u00f3mico relevante a la hora de reactivar el consumo. En ese sentido, se\u00f1alan que la suba no solo impactar\u00e1 sobre los trabajadores que cobran el salario m\u00ednimo sino tambi\u00e9n en cerca de un mill\u00f3n de beneficiarios de distintos programas sociales como el plan Potenciar Trabajo y las becas Progresar que tambi\u00e9n dependen de ello.<\/p>\n<p>De alcanzar el 45% de aumento entre todas las cuotas, el Salario M\u00ednimo Vital y M\u00f3vil que desde el 1 de agosto es de $28.080 pasar\u00eda a ser de $35.391,60 para trabajadores mensualizados que cumplen la jornada legal completa de trabajo.<\/p>\n<p>La cartera laboral tambi\u00e9n tiene previsto avanzar en la reapertura de paritarias del sector de la administraci\u00f3n central de los trabajadores estatales. En esa l\u00ednea, el encuentro con los gremios ser\u00e1 el 19 de agosto y se buscar\u00e1 recomponer los salarios de los empleados p\u00fablicos para que su poder adquisitivo no quede por detr\u00e1s de la inflaci\u00f3n.<\/p>\n<p>De acuerdo a los datos que elabora el Ministerio de Trabajo en base a las declaraciones de Seguridad Social de las empresas, en junio los salarios formales aumentaron m\u00e1s que la inflaci\u00f3n. Impulsados principalmente por la reapertura de paritarias, los sueldos aumentaron el 3,7%, mientras la suba promedio de los precios fue del 3,2%.<\/p>\n<p>Fuentes oficiales confirmaron que en julio se observ\u00f3 la misma din\u00e1mica y esperan que, acompa\u00f1ado de una reducci\u00f3n de la inflaci\u00f3n, la recuperaci\u00f3n del poder adquisitivo del salario se sostenga hacia fin de a\u00f1o.<\/p>\n","protected":false},"excerpt":{"rendered":"<p>Se buscar\u00e1 que siga el mismo curso que el resto de las negociaciones paritarias. No descartan que se llegue a un consenso y que el aumento se d\u00e9 por decreto &nbsp; &nbsp; Fuentes oficiales adelantaron que el Gobierno buscar\u00e1 que el aumento del salario m\u00ednimo vital y m\u00f3vil equipare a las subas que vienen teniendo el resto de las negociaciones paritarias. Para eso impulsar\u00e1n una recomposici\u00f3n de entre el 7% y el 10% en la revisi\u00f3n prevista para el mes de septiembre. De conseguir consenso con todos los actores que&#8230;<\/p>\n","protected":false},"author":3,"featured_media":76112,"comment_status":"closed","ping_status":"closed","sticky":false,"template":"","format":"standard","meta":[],"categories":[9],"tags":[],"_links":{"self":[{"href":"https:\/\/www.actualidadadiario.com\/index.php\/wp-json\/wp\/v2\/posts\/76111"}],"collection":[{"href":"https:\/\/www.actualidadadiario.com\/index.php\/wp-json\/wp\/v2\/posts"}],"about":[{"href":"https:\/\/www.actualidadadiario.com\/index.php\/wp-json\/wp\/v2\/types\/post"}],"author":[{"embeddable":true,"href":"https:\/\/www.actualidadadiario.com\/index.php\/wp-json\/wp\/v2\/users\/3"}],"replies":[{"embeddable":true,"href":"https:\/\/www.actualidadadiario.com\/index.php\/wp-json\/wp\/v2\/comments?post=76111"}],"version-history":[{"count":1,"href":"https:\/\/www.actualidadadiario.com\/index.php\/wp-json\/wp\/v2\/posts\/76111\/revisions"}],"predecessor-version":[{"id":76113,"href":"https:\/\/www.actualidadadiario.com\/index.php\/wp-json\/wp\/v2\/posts\/76111\/revisions\/76113"}],"wp:featuredmedia":[{"embeddable":true,"href":"https:\/\/www.actualidadadiario.com\/index.php\/wp-json\/wp\/v2\/media\/76112"}],"wp:attachment":[{"href":"https:\/\/www.actualidadadiario.com\/index.php\/wp-json\/wp\/v2\/media?parent=76111"}],"wp:term":[{"taxonomy":"category","embeddable":true,"href":"https:\/\/www.actualidadadiario.com\/index.php\/wp-json\/wp\/v2\/categories?post=76111"},{"taxonomy":"post_tag","embeddable":true,"href":"https:\/\/www.actualidadadiario.com\/index.php\/wp-json\/wp\/v2\/tags?post=76111"}],"curies":[{"name":"wp","href":"https:\/\/api.w.org\/{rel}","templated":true}]}}