{"id":76103,"date":"2021-08-03T12:18:35","date_gmt":"2021-08-03T15:18:35","guid":{"rendered":"https:\/\/www.actualidadadiario.com\/?p=76103"},"modified":"2021-08-03T12:18:35","modified_gmt":"2021-08-03T15:18:35","slug":"variante-delta-ya-hay-89-casos-en-todo-el-pais","status":"publish","type":"post","link":"https:\/\/www.actualidadadiario.com\/index.php\/2021\/08\/03\/variante-delta-ya-hay-89-casos-en-todo-el-pais\/","title":{"rendered":"Variante Delta: ya hay 89 casos en todo el pa\u00eds"},"content":{"rendered":"<p style=\"text-align: center;\"><em><strong>La ministra de Salud Carla Vizzotti aclar\u00f3 que &#8220;no tenemos una circulaci\u00f3n predominante&#8221; de la variante originaria de la India, pero alert\u00f3 sobre &#8220;la posibilidad concreta&#8221; de que esta mutaci\u00f3n circule por todo el pa\u00eds<\/strong><\/em><\/p>\n<p>&nbsp;<\/p>\n<p>&nbsp;<\/p>\n<p>Los casos de la variante Delta de coronavirus ascienden a 89 en todo el pa\u00eds. El dato fue confirmado este lunes por la directora Nacional de Epidemiologia e Informaci\u00f3n Estrat\u00e9gica, Anal\u00eda Rearte, durante el encuentro del Consejo Federal de Salud (Cofesa), y aclar\u00f3 que al momento la variante predominante en Argentina es la Gamma (Manaos).<\/p>\n<p>La funcionaria detall\u00f3 que del total de los casos detectados 40 pertenecen a la Ciudad de Buenos Aires, 22 a la Provincia de Buenos Aires, 19 a C\u00f3rdoba, 6 a Santa Fe, 1 a Salta y 1 a Tucum\u00e1n.<\/p>\n<p>Tambi\u00e9n destac\u00f3 que la mayor\u00eda de estos (70) corresponden a viajeros que regresaron del exterior, mientras que 17 est\u00e1n relacionados con casos importados y dos sin nexo conocido. Adem\u00e1s, hay otros 19 casos positivos y sintom\u00e1ticos relacionados a la importaci\u00f3n, pero a\u00fan sin confirmaci\u00f3n de variante.<\/p>\n<p>En referencia a los casos confirmados, la ministra de Salud de la Naci\u00f3n, Carla Vizzotti, aclar\u00f3 que &#8220;no tenemos una circulaci\u00f3n predominante&#8221; de la variante originaria de la India, pero alert\u00f3 sobre &#8220;la posibilidad concreta&#8221; de que esta mutaci\u00f3n circule por todo el pa\u00eds. &#8220;Hay que seguir trabajando fuerte para demorar el avance de Delta&#8221;, asegur\u00f3.<\/p>\n<p>Adem\u00e1s, Vizzotti se refiri\u00f3 a las estrategias que est\u00e1n llevando adelante tanto la Ciudad como C\u00f3rdoba en la b\u00fasqueda de contactos para demorar la posibilidad de que se siga transmitiendo la variante Delta y los ministros de Salud de esas jurisdicciones compartieron sus experiencias.<\/p>\n<p>Pese a que la variante Delta hab\u00eda sido registrada por primera vez en mayo pasado con el ingreso de un pasajero proveniente de Par\u00eds, en los \u00faltimos d\u00edas el caso de un hombre que regres\u00f3 al pa\u00eds, proveniente de Per\u00fa, y viol\u00f3 el aislamiento obligatorio en C\u00f3rdoba encendi\u00f3 las alarmas, ya que contagi\u00f3 a 18 personas y al menos unas 800 debieron ser aisladas para intentar un fuerte &#8220;cerco sanitario&#8221; que corte la cadena.<\/p>\n","protected":false},"excerpt":{"rendered":"<p>La ministra de Salud Carla Vizzotti aclar\u00f3 que &#8220;no tenemos una circulaci\u00f3n predominante&#8221; de la variante originaria de la India, pero alert\u00f3 sobre &#8220;la posibilidad concreta&#8221; de que esta mutaci\u00f3n circule por todo el pa\u00eds &nbsp; &nbsp; Los casos de la variante Delta de coronavirus ascienden a 89 en todo el pa\u00eds. El dato fue confirmado este lunes por la directora Nacional de Epidemiologia e Informaci\u00f3n Estrat\u00e9gica, Anal\u00eda Rearte, durante el encuentro del Consejo Federal de Salud (Cofesa), y aclar\u00f3 que al momento la variante predominante en Argentina es la&#8230;<\/p>\n","protected":false},"author":3,"featured_media":66632,"comment_status":"closed","ping_status":"closed","sticky":false,"template":"","format":"standard","meta":[],"categories":[2],"tags":[],"_links":{"self":[{"href":"https:\/\/www.actualidadadiario.com\/index.php\/wp-json\/wp\/v2\/posts\/76103"}],"collection":[{"href":"https:\/\/www.actualidadadiario.com\/index.php\/wp-json\/wp\/v2\/posts"}],"about":[{"href":"https:\/\/www.actualidadadiario.com\/index.php\/wp-json\/wp\/v2\/types\/post"}],"author":[{"embeddable":true,"href":"https:\/\/www.actualidadadiario.com\/index.php\/wp-json\/wp\/v2\/users\/3"}],"replies":[{"embeddable":true,"href":"https:\/\/www.actualidadadiario.com\/index.php\/wp-json\/wp\/v2\/comments?post=76103"}],"version-history":[{"count":1,"href":"https:\/\/www.actualidadadiario.com\/index.php\/wp-json\/wp\/v2\/posts\/76103\/revisions"}],"predecessor-version":[{"id":76104,"href":"https:\/\/www.actualidadadiario.com\/index.php\/wp-json\/wp\/v2\/posts\/76103\/revisions\/76104"}],"wp:featuredmedia":[{"embeddable":true,"href":"https:\/\/www.actualidadadiario.com\/index.php\/wp-json\/wp\/v2\/media\/66632"}],"wp:attachment":[{"href":"https:\/\/www.actualidadadiario.com\/index.php\/wp-json\/wp\/v2\/media?parent=76103"}],"wp:term":[{"taxonomy":"category","embeddable":true,"href":"https:\/\/www.actualidadadiario.com\/index.php\/wp-json\/wp\/v2\/categories?post=76103"},{"taxonomy":"post_tag","embeddable":true,"href":"https:\/\/www.actualidadadiario.com\/index.php\/wp-json\/wp\/v2\/tags?post=76103"}],"curies":[{"name":"wp","href":"https:\/\/api.w.org\/{rel}","templated":true}]}}