{"id":76097,"date":"2021-08-03T12:16:54","date_gmt":"2021-08-03T15:16:54","guid":{"rendered":"https:\/\/www.actualidadadiario.com\/?p=76097"},"modified":"2021-08-03T12:16:54","modified_gmt":"2021-08-03T15:16:54","slug":"en-un-solo-dia-ya-se-dieron-5-300-turnos-a-mujeres-para-reconocer-anos-de-aportes-por-tareas-de-cuidado","status":"publish","type":"post","link":"https:\/\/www.actualidadadiario.com\/index.php\/2021\/08\/03\/en-un-solo-dia-ya-se-dieron-5-300-turnos-a-mujeres-para-reconocer-anos-de-aportes-por-tareas-de-cuidado\/","title":{"rendered":"En un solo d\u00eda ya se dieron 5.300 turnos a mujeres para reconocer a\u00f1os de aportes por tareas de cuidado"},"content":{"rendered":"<p style=\"text-align: center;\"><em><strong>El nuevo mecanismo busca compensar a las mujeres que tienen la edad pero no los a\u00f1os de aporte para poder acceder a una jubilaci\u00f3n. Reconoce los plazos de licencia por maternidad<\/strong><\/em><\/p>\n<p>&nbsp;<\/p>\n<p>&nbsp;<\/p>\n<p>Durante el primer d\u00eda de atenci\u00f3n para el reconocimiento de per\u00edodos de aportes por tareas de cuidado, la ANSES dio 5.298 turnos de asesoramiento sobre jubilaciones para madres.<\/p>\n<p>El reconocimiento es de 1 a\u00f1o de aportes por cada hijo o hija.<\/p>\n<p>Adem\u00e1s, se brindar\u00e1n 2 a\u00f1os por hijo o hija adoptado o adoptada siendo menor de edad.<\/p>\n<p>Y 1 a\u00f1o adicional por cada hijo o hija con discapacidad, y 2 a\u00f1os adicionales en caso de que por el hijo o hija haya accedido a la Asignaci\u00f3n Universal por Hijo (AUH) por al menos 12 meses.<\/p>\n<p>Proyectada la primera jornada, se deber\u00edan otorgar m\u00e1s de 110 mil turnos cuando concluya agosto, siempre que esta demanda se mantenga y teniendo en cuenta los d\u00edas h\u00e1biles de atenci\u00f3n.<\/p>\n<p>&nbsp;<\/p>\n<p><strong>\u00a0La edad pero no los a\u00f1os de aporte <\/strong><\/p>\n<p>El nuevo mecanismo, que busca compensar a las mujeres que tienen la edad pero no los a\u00f1os de aporte para poder acceder a la jubilaci\u00f3n, reconoce los plazos de licencia por maternidad y por excedencia de maternidad a mujeres que hayan hecho uso de estos per\u00edodos al momento del nacimiento de sus hijos o hijas.<\/p>\n<p>Esta medida de inclusi\u00f3n es compatible y, de ser necesario, puede complementarse con las moratorias vigentes.<\/p>\n<p>Pueden acceder a este beneficio, las mujeres en edad de jubilarse -con 60 a\u00f1os o m\u00e1s-, que sean madres y no cuenten con los 30 a\u00f1os de aportes necesarios para acceder a una jubilaci\u00f3n.<\/p>\n<p>Los turnos se deben solicitar en www.anses.gob.ar\/reconocimiento-de-aportes-por-tareas-de-cuidado.<\/p>\n<p>La jefa de la ANSES, Fernanda Raverta, defendi\u00f3 la medida al sostener que &#8220;el Estado est\u00e1 reconociendo que el esfuerzo que hicieron para cuidar a sus hijos y a sus hijas vale, y ese valor tiene que ver con la posibilidad de acceder a una jubilaci\u00f3n&#8221;.<\/p>\n<p>Fue durante una visita a la oficina de La Tablada, en el partido de La Matanza, donde realiz\u00f3 una recorrida por las instalaciones y dialog\u00f3 con los empleados.<\/p>\n","protected":false},"excerpt":{"rendered":"<p>El nuevo mecanismo busca compensar a las mujeres que tienen la edad pero no los a\u00f1os de aporte para poder acceder a una jubilaci\u00f3n. Reconoce los plazos de licencia por maternidad &nbsp; &nbsp; Durante el primer d\u00eda de atenci\u00f3n para el reconocimiento de per\u00edodos de aportes por tareas de cuidado, la ANSES dio 5.298 turnos de asesoramiento sobre jubilaciones para madres. El reconocimiento es de 1 a\u00f1o de aportes por cada hijo o hija. Adem\u00e1s, se brindar\u00e1n 2 a\u00f1os por hijo o hija adoptado o adoptada siendo menor de edad&#8230;.<\/p>\n","protected":false},"author":3,"featured_media":76098,"comment_status":"closed","ping_status":"closed","sticky":false,"template":"","format":"standard","meta":[],"categories":[2],"tags":[],"_links":{"self":[{"href":"https:\/\/www.actualidadadiario.com\/index.php\/wp-json\/wp\/v2\/posts\/76097"}],"collection":[{"href":"https:\/\/www.actualidadadiario.com\/index.php\/wp-json\/wp\/v2\/posts"}],"about":[{"href":"https:\/\/www.actualidadadiario.com\/index.php\/wp-json\/wp\/v2\/types\/post"}],"author":[{"embeddable":true,"href":"https:\/\/www.actualidadadiario.com\/index.php\/wp-json\/wp\/v2\/users\/3"}],"replies":[{"embeddable":true,"href":"https:\/\/www.actualidadadiario.com\/index.php\/wp-json\/wp\/v2\/comments?post=76097"}],"version-history":[{"count":1,"href":"https:\/\/www.actualidadadiario.com\/index.php\/wp-json\/wp\/v2\/posts\/76097\/revisions"}],"predecessor-version":[{"id":76099,"href":"https:\/\/www.actualidadadiario.com\/index.php\/wp-json\/wp\/v2\/posts\/76097\/revisions\/76099"}],"wp:featuredmedia":[{"embeddable":true,"href":"https:\/\/www.actualidadadiario.com\/index.php\/wp-json\/wp\/v2\/media\/76098"}],"wp:attachment":[{"href":"https:\/\/www.actualidadadiario.com\/index.php\/wp-json\/wp\/v2\/media?parent=76097"}],"wp:term":[{"taxonomy":"category","embeddable":true,"href":"https:\/\/www.actualidadadiario.com\/index.php\/wp-json\/wp\/v2\/categories?post=76097"},{"taxonomy":"post_tag","embeddable":true,"href":"https:\/\/www.actualidadadiario.com\/index.php\/wp-json\/wp\/v2\/tags?post=76097"}],"curies":[{"name":"wp","href":"https:\/\/api.w.org\/{rel}","templated":true}]}}