{"id":76092,"date":"2021-08-03T12:14:57","date_gmt":"2021-08-03T15:14:57","guid":{"rendered":"https:\/\/www.actualidadadiario.com\/?p=76092"},"modified":"2021-08-03T12:14:57","modified_gmt":"2021-08-03T15:14:57","slug":"casa-propia-para-jubilados-de-que-se-trata-el-proyecto-para-construccion-de-viviendas-a-mayores-de-60-anos","status":"publish","type":"post","link":"https:\/\/www.actualidadadiario.com\/index.php\/2021\/08\/03\/casa-propia-para-jubilados-de-que-se-trata-el-proyecto-para-construccion-de-viviendas-a-mayores-de-60-anos\/","title":{"rendered":"Casa propia para jubilados: de qu\u00e9 se trata el proyecto para construcci\u00f3n de viviendas a mayores de 60 a\u00f1os"},"content":{"rendered":"<p style=\"text-align: center;\"><em><strong>Se busca la construcci\u00f3n de espacios para que se lleven adelante actividades educativas, deportivas y de recreaci\u00f3n<\/strong><\/em><\/p>\n<p>&nbsp;<\/p>\n<p>&nbsp;<\/p>\n<p>El Gobierno oficializ\u00f3 los \u201cMontos M\u00e1ximos Financiables\u201d y el sistema de transferencias financieras y mec\u00e1nica de desembolso del programa Casa Propia\u2013 Casa Activa destinado a la construcci\u00f3n de viviendas a personas mayores de 60 a\u00f1os. El anuncio lo hizo el\u00a0 Ministerio de Desarrollo Territorial y H\u00e1bitat, que conduce Jorge Ferraresi, a trav\u00e9s de la Resoluci\u00f3n 7\/2021 publicada este martes en el Bolet\u00edn Oficial.<\/p>\n<p>Esta iniciativa, que fue presentada a mediados de junio, impulsa la construcci\u00f3n de 3.200 viviendas integradas a espacios comunes donde los adultos mayores de 60 podr\u00e1n llevar adelante \u201cactividades educativas, deportivas y de recreaci\u00f3n, al tiempo que se les brindar\u00e1 el acceso a Centros de D\u00eda con atenci\u00f3n de salud primaria y terap\u00e9utica\u201d.<\/p>\n<p>En este marco, en las \u00faltimas horas se comunicaron los topes en el financiamiento de la construcci\u00f3n, el documento brinda una lista de porcentajes por metro cuadrado (m2) de construcci\u00f3n que var\u00eda seg\u00fan la finalidad del ambiente. Para el espacio considerado \u2018Centro de d\u00eda\u2019 ser\u00e1 del 90%; para la \u2018Pileta climatizada\u2019 del 35%; para la \u2018Cobertura de Pileta Climatizada\u2019 del 65% ; y para la \u2018Parquizaci\u00f3n de espacios comunes\u2019 del 5%.<\/p>\n<p>Por otro lado, aclararon c\u00f3mo ser\u00e1 el paso a paso del desembolso de fondos estatales. El primero ser\u00e1 a modo de \u201cAnticipo Financiero\u201d y contempla el 40% del convenio, en tanto que el segundo ser\u00e1 otro porcentaje similar cuando ya se hayan utilizado al menos el 80% de los fondos que se giraron en primera instancia, el cumplimiento de las condiciones estipuladas y tenga el \u2018ok\u2019 de la Secretar\u00eda de H\u00e1bitat.<\/p>\n<p>El tercer desembolso ser\u00e1 del 20% restante y\u00a0 se realizar\u00e1 cuando el proyecto llegue a la rendici\u00f3n de cuentas de por lo menos el 85%de los fondos transferidos acumulados y el compromiso del municipio de presentar la rendici\u00f3n de cuentas definitiva.<\/p>\n<p>Tal como se mencion\u00f3, el Ministerio de Desarrollo Territorial y H\u00e1bitat financiar\u00e1 las obras y ser\u00e1n ejecutadas por las provincias y\/o municipios, quienes adem\u00e1s se encargar\u00e1n de administrar el funcionamiento y mantenimiento de las viviendas, los espacios comunes y los Centros de D\u00eda. Por su parte, PAMI equipar\u00e1 y financiar\u00e1 las prestaciones para el funcionamiento de \u00e9stos \u00faltimos.<\/p>\n<p>\u201cEntendiendo el espacio donde se habita como fundamental para la salud integral, el bienestar social y el desarrollo humano, Casa Propia \u2013 Casa Activa se propone lograr un envejecimiento activo que favorezca la autonom\u00eda, la intimidad e independencia, al tiempo que promueva un esp\u00edritu cooperativo que los ayude a desarrollar su vida en la sociedad, con una mirada m\u00e1s solidaria, colaborativa e innovadora en t\u00e9rminos humanitarios\u201d, manifestaron desde Naci\u00f3n.<\/p>\n","protected":false},"excerpt":{"rendered":"<p>Se busca la construcci\u00f3n de espacios para que se lleven adelante actividades educativas, deportivas y de recreaci\u00f3n &nbsp; &nbsp; El Gobierno oficializ\u00f3 los \u201cMontos M\u00e1ximos Financiables\u201d y el sistema de transferencias financieras y mec\u00e1nica de desembolso del programa Casa Propia\u2013 Casa Activa destinado a la construcci\u00f3n de viviendas a personas mayores de 60 a\u00f1os. El anuncio lo hizo el\u00a0 Ministerio de Desarrollo Territorial y H\u00e1bitat, que conduce Jorge Ferraresi, a trav\u00e9s de la Resoluci\u00f3n 7\/2021 publicada este martes en el Bolet\u00edn Oficial. Esta iniciativa, que fue presentada a mediados de&#8230;<\/p>\n","protected":false},"author":3,"featured_media":76093,"comment_status":"closed","ping_status":"closed","sticky":false,"template":"","format":"standard","meta":[],"categories":[2],"tags":[],"_links":{"self":[{"href":"https:\/\/www.actualidadadiario.com\/index.php\/wp-json\/wp\/v2\/posts\/76092"}],"collection":[{"href":"https:\/\/www.actualidadadiario.com\/index.php\/wp-json\/wp\/v2\/posts"}],"about":[{"href":"https:\/\/www.actualidadadiario.com\/index.php\/wp-json\/wp\/v2\/types\/post"}],"author":[{"embeddable":true,"href":"https:\/\/www.actualidadadiario.com\/index.php\/wp-json\/wp\/v2\/users\/3"}],"replies":[{"embeddable":true,"href":"https:\/\/www.actualidadadiario.com\/index.php\/wp-json\/wp\/v2\/comments?post=76092"}],"version-history":[{"count":1,"href":"https:\/\/www.actualidadadiario.com\/index.php\/wp-json\/wp\/v2\/posts\/76092\/revisions"}],"predecessor-version":[{"id":76094,"href":"https:\/\/www.actualidadadiario.com\/index.php\/wp-json\/wp\/v2\/posts\/76092\/revisions\/76094"}],"wp:featuredmedia":[{"embeddable":true,"href":"https:\/\/www.actualidadadiario.com\/index.php\/wp-json\/wp\/v2\/media\/76093"}],"wp:attachment":[{"href":"https:\/\/www.actualidadadiario.com\/index.php\/wp-json\/wp\/v2\/media?parent=76092"}],"wp:term":[{"taxonomy":"category","embeddable":true,"href":"https:\/\/www.actualidadadiario.com\/index.php\/wp-json\/wp\/v2\/categories?post=76092"},{"taxonomy":"post_tag","embeddable":true,"href":"https:\/\/www.actualidadadiario.com\/index.php\/wp-json\/wp\/v2\/tags?post=76092"}],"curies":[{"name":"wp","href":"https:\/\/api.w.org\/{rel}","templated":true}]}}