{"id":76086,"date":"2021-08-02T13:21:23","date_gmt":"2021-08-02T16:21:23","guid":{"rendered":"https:\/\/www.actualidadadiario.com\/?p=76086"},"modified":"2021-08-02T13:21:23","modified_gmt":"2021-08-02T16:21:23","slug":"la-ministra-romero-anticipo-que-pedira-a-nacion-precisiones-sobre-la-delegacion-chajari-de-la-policia-federal","status":"publish","type":"post","link":"https:\/\/www.actualidadadiario.com\/index.php\/2021\/08\/02\/la-ministra-romero-anticipo-que-pedira-a-nacion-precisiones-sobre-la-delegacion-chajari-de-la-policia-federal\/","title":{"rendered":"La ministra Romero anticip\u00f3 que pedir\u00e1 a Naci\u00f3n precisiones sobre la Delegaci\u00f3n Chajar\u00ed de la Polic\u00eda Federal"},"content":{"rendered":"<p style=\"text-align: center;\"><em><strong>Este lunes comienza en Paran\u00e1 la reuni\u00f3n del Consejo de Seguridad Interior, encabezado por la titular de la cartera a nivel nacional, Sabina Frederic. En ese marco, se plantear\u00e1 la preocupaci\u00f3n del norte entrerriano<\/strong><\/em><\/p>\n<p>&nbsp;<\/p>\n<p>&nbsp;<\/p>\n<p>La ministra de Seguridad de la Naci\u00f3n, Sabina Frederic, junto con el gobernador de Entre R\u00edos, Gustavo Bordet, la ministra de Gobierno y Justicia de Entre R\u00edos, Rosario Romero y el Intendente de Paran\u00e1, Adri\u00e1n Bahl, dar\u00e1n inicio a una nueva reuni\u00f3n del Consejo de Seguridad Interior que se realizar\u00e1 en el Centro Provincial de Convenciones de la ciudad de Paran\u00e1, a partir de este lunes y se extender\u00e1 hasta el 3 de agosto.<\/p>\n<p>La ministra Romero contextualiz\u00f3 que se anunciar\u00e1 &#8220;una inversi\u00f3n en c\u00e1maras de video vigilancia y antenas, para mejorar la conectividad&#8221;, tanto en Entre R\u00edos en general, como en Concordia en particular.<\/p>\n<p>Pero tambi\u00e9n, se aprovechar\u00e1 la reuni\u00f3n para trasladar la preocupaci\u00f3n surgida en Chajar\u00ed, donde hay rumores sobre un probable achique de la Delegaci\u00f3n Chajar\u00ed de la Polic\u00eda Federal. Con respecto a este tema, Rosario Romero adelant\u00f3 que ser\u00e1 &#8220;uno de los temas en agenda&#8221;, de cara al encuentro del Consejo de Seguridad Interior previsto para este lunes.<\/p>\n<p>&#8220;Esta inquietud me lleg\u00f3 de parte de un ex senador y recib\u00ed varias notas, as\u00ed que lo charlaremos hoy con la ministra Frederic&#8221;, remat\u00f3.<\/p>\n<p>&nbsp;<\/p>\n<p><strong>Delitos<\/strong><\/p>\n<p>La funcionaria provincia detall\u00f3 que &#8220;la evoluci\u00f3n del delito en Concordia es seguida de forma permanente&#8221;. En ese sentido, explic\u00f3 estad\u00edsticas oficiales en cuanto a que en &#8220;2018 tuvimos 3498 delitos contra la propiedad, mientras que en 2019 fueron 3964, en 2020 fueron 3094 y en lo que va de 2021 son 843&#8221;.<\/p>\n<p>En cuanto a los guarismos oficiales de homicidios &#8220;tuvimos 18 en 2018, en 2019 fueron 30, 12 en 2020 y 7 en lo que va de 2021&#8221;, especific\u00f3.<\/p>\n<p>&nbsp;<\/p>\n<p><strong>C\u00e1maras<\/strong><\/p>\n<p>Romero record\u00f3 que en la \u00faltima visita del gobernador Gustavo Bordet a Concordia &#8220;se entreg\u00f3 un nuevo aporte al municipio para la instalaci\u00f3n de m\u00e1s c\u00e1maras de video vigilancia&#8221;.<\/p>\n<p>&#8220;Es una ciudad grande y tenemos zonas a\u00fan no cubiertas con c\u00e1maras se seguridad&#8221;, puntualiz\u00f3.<\/p>\n<p>En ese contexto, la funcionaria cit\u00f3 el caso de m\u00e1s inversi\u00f3n en patrulleros y veh\u00edculos policiales. &#8220;Estamos terminando una licitaci\u00f3n de camionetas y veh\u00edculos, por lo que Concordia ser\u00e1 uno de los destinos de estas inversiones&#8221;.<\/p>\n","protected":false},"excerpt":{"rendered":"<p>Este lunes comienza en Paran\u00e1 la reuni\u00f3n del Consejo de Seguridad Interior, encabezado por la titular de la cartera a nivel nacional, Sabina Frederic. En ese marco, se plantear\u00e1 la preocupaci\u00f3n del norte entrerriano &nbsp; &nbsp; La ministra de Seguridad de la Naci\u00f3n, Sabina Frederic, junto con el gobernador de Entre R\u00edos, Gustavo Bordet, la ministra de Gobierno y Justicia de Entre R\u00edos, Rosario Romero y el Intendente de Paran\u00e1, Adri\u00e1n Bahl, dar\u00e1n inicio a una nueva reuni\u00f3n del Consejo de Seguridad Interior que se realizar\u00e1 en el Centro Provincial&#8230;<\/p>\n","protected":false},"author":3,"featured_media":76087,"comment_status":"closed","ping_status":"closed","sticky":false,"template":"","format":"standard","meta":[],"categories":[15],"tags":[],"_links":{"self":[{"href":"https:\/\/www.actualidadadiario.com\/index.php\/wp-json\/wp\/v2\/posts\/76086"}],"collection":[{"href":"https:\/\/www.actualidadadiario.com\/index.php\/wp-json\/wp\/v2\/posts"}],"about":[{"href":"https:\/\/www.actualidadadiario.com\/index.php\/wp-json\/wp\/v2\/types\/post"}],"author":[{"embeddable":true,"href":"https:\/\/www.actualidadadiario.com\/index.php\/wp-json\/wp\/v2\/users\/3"}],"replies":[{"embeddable":true,"href":"https:\/\/www.actualidadadiario.com\/index.php\/wp-json\/wp\/v2\/comments?post=76086"}],"version-history":[{"count":1,"href":"https:\/\/www.actualidadadiario.com\/index.php\/wp-json\/wp\/v2\/posts\/76086\/revisions"}],"predecessor-version":[{"id":76088,"href":"https:\/\/www.actualidadadiario.com\/index.php\/wp-json\/wp\/v2\/posts\/76086\/revisions\/76088"}],"wp:featuredmedia":[{"embeddable":true,"href":"https:\/\/www.actualidadadiario.com\/index.php\/wp-json\/wp\/v2\/media\/76087"}],"wp:attachment":[{"href":"https:\/\/www.actualidadadiario.com\/index.php\/wp-json\/wp\/v2\/media?parent=76086"}],"wp:term":[{"taxonomy":"category","embeddable":true,"href":"https:\/\/www.actualidadadiario.com\/index.php\/wp-json\/wp\/v2\/categories?post=76086"},{"taxonomy":"post_tag","embeddable":true,"href":"https:\/\/www.actualidadadiario.com\/index.php\/wp-json\/wp\/v2\/tags?post=76086"}],"curies":[{"name":"wp","href":"https:\/\/api.w.org\/{rel}","templated":true}]}}