{"id":76084,"date":"2021-08-02T13:20:31","date_gmt":"2021-08-02T16:20:31","guid":{"rendered":"https:\/\/www.actualidadadiario.com\/?p=76084"},"modified":"2021-08-02T13:20:31","modified_gmt":"2021-08-02T16:20:31","slug":"entre-rios-ya-no-tiene-departamentos-en-alarma-epidemiologica","status":"publish","type":"post","link":"https:\/\/www.actualidadadiario.com\/index.php\/2021\/08\/02\/entre-rios-ya-no-tiene-departamentos-en-alarma-epidemiologica\/","title":{"rendered":"Entre R\u00edos ya no tiene departamentos en alarma epidemiol\u00f3gica"},"content":{"rendered":"<p style=\"text-align: center;\"><em><strong>El subsecretario de Redes Integradas de Servicios de Salud, Marcos Bachetti, inform\u00f3 que en todos los departamentos hubo una tendencia clara a la baja de casos y que ninguno ya est\u00e1 en situaci\u00f3n de alarma epidemiol\u00f3gica<\/strong><\/em><\/p>\n<p>&nbsp;<\/p>\n<p>&nbsp;<\/p>\n<p>El funcionario explic\u00f3 que, &#8220;en relaci\u00f3n a los indicadores de nivel de transmisibilidad por departamento, podemos observar que al cierre de la semana 29, que es el per\u00edodo entre el 11 y el 24 de julio, departamento a departamento hubo una tendencia clara en la baja de casos&#8221;.<\/p>\n<p>Precis\u00f3 luego que &#8220;los departamentos Col\u00f3n, Concordia, Federaci\u00f3n, Federal, La Paz, Nogoy\u00e1, San Salvador, Uruguay, Victoria y Villaguay que est\u00e1n en nivel de riesgo medio; y los departamentos Diamante, Feliciano, Gualeguay, Gualeguaych\u00fa, Islas, Paran\u00e1 y Tala contin\u00faan en un nivel de riesgo alto&#8221;.<\/p>\n<p>Dicho esto, remarc\u00f3 que &#8220;al cierre de estos \u00faltimos 14 d\u00edas, no hay ning\u00fan departamento en alarma epidemiol\u00f3gica&#8221; e inform\u00f3 que esto repercuti\u00f3 &#8220;sobre los sistemas de salud, m\u00e1s que nada en la internaci\u00f3n en las terapias que ha descendido. Hoy ronda el 70 por ciento en toda la provincia&#8221;, precis\u00f3. En ese sentido, coment\u00f3 que &#8220;esto es directamente proporcional a la cantidad de casos y en casi todos los departamentos han tenido una disminuci\u00f3n de casos en los \u00faltimos 14 d\u00edas. Para lograr esto hay que garantizar los cuidados y las medidas de autocuidado, entre otras medidas&#8221;.<\/p>\n","protected":false},"excerpt":{"rendered":"<p>El subsecretario de Redes Integradas de Servicios de Salud, Marcos Bachetti, inform\u00f3 que en todos los departamentos hubo una tendencia clara a la baja de casos y que ninguno ya est\u00e1 en situaci\u00f3n de alarma epidemiol\u00f3gica &nbsp; &nbsp; El funcionario explic\u00f3 que, &#8220;en relaci\u00f3n a los indicadores de nivel de transmisibilidad por departamento, podemos observar que al cierre de la semana 29, que es el per\u00edodo entre el 11 y el 24 de julio, departamento a departamento hubo una tendencia clara en la baja de casos&#8221;. Precis\u00f3 luego que &#8220;los&#8230;<\/p>\n","protected":false},"author":3,"featured_media":73914,"comment_status":"closed","ping_status":"closed","sticky":false,"template":"","format":"standard","meta":[],"categories":[9,15],"tags":[],"_links":{"self":[{"href":"https:\/\/www.actualidadadiario.com\/index.php\/wp-json\/wp\/v2\/posts\/76084"}],"collection":[{"href":"https:\/\/www.actualidadadiario.com\/index.php\/wp-json\/wp\/v2\/posts"}],"about":[{"href":"https:\/\/www.actualidadadiario.com\/index.php\/wp-json\/wp\/v2\/types\/post"}],"author":[{"embeddable":true,"href":"https:\/\/www.actualidadadiario.com\/index.php\/wp-json\/wp\/v2\/users\/3"}],"replies":[{"embeddable":true,"href":"https:\/\/www.actualidadadiario.com\/index.php\/wp-json\/wp\/v2\/comments?post=76084"}],"version-history":[{"count":1,"href":"https:\/\/www.actualidadadiario.com\/index.php\/wp-json\/wp\/v2\/posts\/76084\/revisions"}],"predecessor-version":[{"id":76085,"href":"https:\/\/www.actualidadadiario.com\/index.php\/wp-json\/wp\/v2\/posts\/76084\/revisions\/76085"}],"wp:featuredmedia":[{"embeddable":true,"href":"https:\/\/www.actualidadadiario.com\/index.php\/wp-json\/wp\/v2\/media\/73914"}],"wp:attachment":[{"href":"https:\/\/www.actualidadadiario.com\/index.php\/wp-json\/wp\/v2\/media?parent=76084"}],"wp:term":[{"taxonomy":"category","embeddable":true,"href":"https:\/\/www.actualidadadiario.com\/index.php\/wp-json\/wp\/v2\/categories?post=76084"},{"taxonomy":"post_tag","embeddable":true,"href":"https:\/\/www.actualidadadiario.com\/index.php\/wp-json\/wp\/v2\/tags?post=76084"}],"curies":[{"name":"wp","href":"https:\/\/api.w.org\/{rel}","templated":true}]}}