{"id":76082,"date":"2021-08-02T13:19:37","date_gmt":"2021-08-02T16:19:37","guid":{"rendered":"https:\/\/www.actualidadadiario.com\/?p=76082"},"modified":"2021-08-02T13:19:37","modified_gmt":"2021-08-02T16:19:37","slug":"concordia-manana-vacunaran-a-personas-menores-de-18-anos-con-discapacidad","status":"publish","type":"post","link":"https:\/\/www.actualidadadiario.com\/index.php\/2021\/08\/02\/concordia-manana-vacunaran-a-personas-menores-de-18-anos-con-discapacidad\/","title":{"rendered":"Concordia: Ma\u00f1ana vacunar\u00e1n a personas menores de 18 a\u00f1os con discapacidad"},"content":{"rendered":"<p style=\"text-align: center;\"><em><strong>El martes 3 de agosto comenzar\u00e1 en Concordia la vacunaci\u00f3n contra el coronavirus para menores de entre 12 y 17 a\u00f1os. Esa jornada estar\u00e1 dedicada a la inmunizaci\u00f3n de personas con discapacidad que residan en esa localidad, quienes deber\u00e1n concurrir con el Certificado \u00danico de Discapacidad, requisito indispensable para recibir la inoculaci\u00f3n<\/strong><\/em><\/p>\n<p>&nbsp;<\/p>\n<p>&nbsp;<\/p>\n<p>De acuerdo a lo establecido en el Plan Rector de Vacunaci\u00f3n, el martes se aplicar\u00e1n dosis a personas a partir de los 12 a\u00f1os y hasta los 17 inclusive (que no hayan cumplido los 18), y que presenten el Certificado \u00danico de Discapacidad, requisito indispensable, y DNI con domicilio en la ciudad, inform\u00f3 el COES local.<\/p>\n<p>El Operativo de Vacunaci\u00f3n se llevar\u00e1 a cabo en el horario de 8 a 12 en el Centro de Convenciones, sin turno previo. Los menores deben ir acompa\u00f1ados por el padre, la madre, o el tutor legal.<\/p>\n","protected":false},"excerpt":{"rendered":"<p>El martes 3 de agosto comenzar\u00e1 en Concordia la vacunaci\u00f3n contra el coronavirus para menores de entre 12 y 17 a\u00f1os. Esa jornada estar\u00e1 dedicada a la inmunizaci\u00f3n de personas con discapacidad que residan en esa localidad, quienes deber\u00e1n concurrir con el Certificado \u00danico de Discapacidad, requisito indispensable para recibir la inoculaci\u00f3n &nbsp; &nbsp; De acuerdo a lo establecido en el Plan Rector de Vacunaci\u00f3n, el martes se aplicar\u00e1n dosis a personas a partir de los 12 a\u00f1os y hasta los 17 inclusive (que no hayan cumplido los 18), y&#8230;<\/p>\n","protected":false},"author":3,"featured_media":75860,"comment_status":"closed","ping_status":"closed","sticky":false,"template":"","format":"standard","meta":[],"categories":[15],"tags":[],"_links":{"self":[{"href":"https:\/\/www.actualidadadiario.com\/index.php\/wp-json\/wp\/v2\/posts\/76082"}],"collection":[{"href":"https:\/\/www.actualidadadiario.com\/index.php\/wp-json\/wp\/v2\/posts"}],"about":[{"href":"https:\/\/www.actualidadadiario.com\/index.php\/wp-json\/wp\/v2\/types\/post"}],"author":[{"embeddable":true,"href":"https:\/\/www.actualidadadiario.com\/index.php\/wp-json\/wp\/v2\/users\/3"}],"replies":[{"embeddable":true,"href":"https:\/\/www.actualidadadiario.com\/index.php\/wp-json\/wp\/v2\/comments?post=76082"}],"version-history":[{"count":1,"href":"https:\/\/www.actualidadadiario.com\/index.php\/wp-json\/wp\/v2\/posts\/76082\/revisions"}],"predecessor-version":[{"id":76083,"href":"https:\/\/www.actualidadadiario.com\/index.php\/wp-json\/wp\/v2\/posts\/76082\/revisions\/76083"}],"wp:featuredmedia":[{"embeddable":true,"href":"https:\/\/www.actualidadadiario.com\/index.php\/wp-json\/wp\/v2\/media\/75860"}],"wp:attachment":[{"href":"https:\/\/www.actualidadadiario.com\/index.php\/wp-json\/wp\/v2\/media?parent=76082"}],"wp:term":[{"taxonomy":"category","embeddable":true,"href":"https:\/\/www.actualidadadiario.com\/index.php\/wp-json\/wp\/v2\/categories?post=76082"},{"taxonomy":"post_tag","embeddable":true,"href":"https:\/\/www.actualidadadiario.com\/index.php\/wp-json\/wp\/v2\/tags?post=76082"}],"curies":[{"name":"wp","href":"https:\/\/api.w.org\/{rel}","templated":true}]}}