{"id":76073,"date":"2021-08-02T13:16:22","date_gmt":"2021-08-02T16:16:22","guid":{"rendered":"https:\/\/www.actualidadadiario.com\/?p=76073"},"modified":"2021-08-02T13:16:22","modified_gmt":"2021-08-02T16:16:22","slug":"convocan-a-empresas-entrerrianas-para-promover-la-creacion-de-1000-empleos","status":"publish","type":"post","link":"https:\/\/www.actualidadadiario.com\/index.php\/2021\/08\/02\/convocan-a-empresas-entrerrianas-para-promover-la-creacion-de-1000-empleos\/","title":{"rendered":"Convocan a empresas entrerrianas para promover la creaci\u00f3n de 1000 empleos"},"content":{"rendered":"<p style=\"text-align: center;\"><em><strong>El Ministerio de Desarrollo Productivo abrir\u00e1 este martes la convocatoria a empresas de Entre R\u00edos interesadas en incorporarse al Programa Federal de Fortalecimiento de la Reactivaci\u00f3n Productiva que impulsar\u00e1 la creaci\u00f3n de 1.000 puestos de trabajo en los sectores industrial y agroindustrial<\/strong><\/em><\/p>\n<p>&nbsp;<\/p>\n<p>&nbsp;<\/p>\n<p>&nbsp;<\/p>\n<p>Ante este anuncio, el gobernador Gustavo Bordet destac\u00f3 que \u201cun gobierno federal se expresa en hechos, como esta promoci\u00f3n de nuevos puestos de trabajo genuinos en el sector privado. En la provincia estamos dotados de un mosaico de peque\u00f1as y medianas empresas agroindustriales, metalmec\u00e1nicas y tecnol\u00f3gicas a las que est\u00e1 destinada esta convocatoria\u201d.<\/p>\n<p>En ese marco, resalt\u00f3 que \u201cel gobierno del presidente Alberto Fern\u00e1ndez conduce la reactivaci\u00f3n econ\u00f3mica en un contexto de pandemia y lo hace en sinton\u00eda con el gobierno entrerriano que responde a las demandas de los generadores de riqueza\u201d.<\/p>\n<p>Cabe se\u00f1alar que, a trav\u00e9s de esta iniciativa, las empresas recibir\u00e1n un monto equivalente a un porcentaje de las contribuciones patronales promedio de la regi\u00f3n por cada nueva contrataci\u00f3n que realice que signifique un aumento de su n\u00f3mina de empleados.<\/p>\n<p>Al referirse a la iniciativa, el secretario de la Peque\u00f1a y Medianas Empresa y los Emprendedores, Guillermo Merediz, se\u00f1al\u00f3: \u201cPoner en marcha este programa es clave para fortalecer la reactivaci\u00f3n productiva de los sectores estrat\u00e9gicos de Entre R\u00edos, a trav\u00e9s del acompa\u00f1amiento, con un aporte del Fondep, a las empresas que est\u00e1n generando nuevos empleos. Gobernar es crear trabajo en cada una de las provincias, y ese es uno de los objetivos que nos propusimos desde el gobierno nacional y que ya estamos haciendo realidad\u201d.<\/p>\n<p>Por su parte, el secretario de Industria, Ariel Schale, expres\u00f3: \u201dPromover el empleo privado en el sector industrial es un objetivo central de la pol\u00edtica del desarrollo productivo y regional que lleva adelante el gobierno nacional\u201d.<\/p>\n<p>&nbsp;<\/p>\n<p><strong>Caracter\u00edsticas del programa<\/strong><\/p>\n<p>El r\u00e9gimen tendr\u00e1 una duraci\u00f3n de tres a\u00f1os, a lo largo de los cuales el Ministerio de Desarrollo Productivo aportar\u00e1 el 80 por ciento, 55 por ciento y 30 por ciento en el primer, segundo y tercer a\u00f1o del programa, en el caso de que la persona contratada sea mujer, transexual, transg\u00e9nero o travesti. Si se trata de un var\u00f3n, la asistencia llegar\u00e1 al 70 por ciento, 45 por ciento y 20 por ciento, respectivamente.<\/p>\n<p>La resoluci\u00f3n que saldr\u00e1 publicada este martees en el Bolet\u00edn Oficial, firmada por los secretarios de la Peque\u00f1a y Mediana Empresa y los Emprendedores, Guillermo Merediz; y de Industria, Econom\u00eda del Conocimiento y Gesti\u00f3n Comercial Externa, Ariel Schale, incorpora formalmente a la provincia de Entre R\u00edos al Programa Federal de Fortalecimiento de la Recuperaci\u00f3n Productiva, a trav\u00e9s del cual el Ministerio de Desarrollo Productivo desembolsar\u00e1 una asistencia de 233 millones de pesos en Aportes No Reembolsables (ANR).<\/p>\n<p>Las empresas entrerrianas podr\u00e1n comenzar a inscribirse a partir del lunes 2 de agosto en el portal https:\/\/www.entrerios.gov.ar\/economicoemprendedor\/programareactivacion. Entre R\u00edos se suma as\u00ed a las provincias de San Juan y Mendoza donde ya rige este programa.<\/p>\n","protected":false},"excerpt":{"rendered":"<p>El Ministerio de Desarrollo Productivo abrir\u00e1 este martes la convocatoria a empresas de Entre R\u00edos interesadas en incorporarse al Programa Federal de Fortalecimiento de la Reactivaci\u00f3n Productiva que impulsar\u00e1 la creaci\u00f3n de 1.000 puestos de trabajo en los sectores industrial y agroindustrial &nbsp; &nbsp; &nbsp; Ante este anuncio, el gobernador Gustavo Bordet destac\u00f3 que \u201cun gobierno federal se expresa en hechos, como esta promoci\u00f3n de nuevos puestos de trabajo genuinos en el sector privado. En la provincia estamos dotados de un mosaico de peque\u00f1as y medianas empresas agroindustriales, metalmec\u00e1nicas y&#8230;<\/p>\n","protected":false},"author":3,"featured_media":76074,"comment_status":"closed","ping_status":"closed","sticky":false,"template":"","format":"standard","meta":[],"categories":[15],"tags":[],"_links":{"self":[{"href":"https:\/\/www.actualidadadiario.com\/index.php\/wp-json\/wp\/v2\/posts\/76073"}],"collection":[{"href":"https:\/\/www.actualidadadiario.com\/index.php\/wp-json\/wp\/v2\/posts"}],"about":[{"href":"https:\/\/www.actualidadadiario.com\/index.php\/wp-json\/wp\/v2\/types\/post"}],"author":[{"embeddable":true,"href":"https:\/\/www.actualidadadiario.com\/index.php\/wp-json\/wp\/v2\/users\/3"}],"replies":[{"embeddable":true,"href":"https:\/\/www.actualidadadiario.com\/index.php\/wp-json\/wp\/v2\/comments?post=76073"}],"version-history":[{"count":1,"href":"https:\/\/www.actualidadadiario.com\/index.php\/wp-json\/wp\/v2\/posts\/76073\/revisions"}],"predecessor-version":[{"id":76075,"href":"https:\/\/www.actualidadadiario.com\/index.php\/wp-json\/wp\/v2\/posts\/76073\/revisions\/76075"}],"wp:featuredmedia":[{"embeddable":true,"href":"https:\/\/www.actualidadadiario.com\/index.php\/wp-json\/wp\/v2\/media\/76074"}],"wp:attachment":[{"href":"https:\/\/www.actualidadadiario.com\/index.php\/wp-json\/wp\/v2\/media?parent=76073"}],"wp:term":[{"taxonomy":"category","embeddable":true,"href":"https:\/\/www.actualidadadiario.com\/index.php\/wp-json\/wp\/v2\/categories?post=76073"},{"taxonomy":"post_tag","embeddable":true,"href":"https:\/\/www.actualidadadiario.com\/index.php\/wp-json\/wp\/v2\/tags?post=76073"}],"curies":[{"name":"wp","href":"https:\/\/api.w.org\/{rel}","templated":true}]}}