{"id":76055,"date":"2021-08-02T12:56:45","date_gmt":"2021-08-02T15:56:45","guid":{"rendered":"https:\/\/www.actualidadadiario.com\/?p=76055"},"modified":"2021-08-02T12:56:45","modified_gmt":"2021-08-02T15:56:45","slug":"el-consumo-electrico-volvio-a-los-niveles-de-prepandemia","status":"publish","type":"post","link":"https:\/\/www.actualidadadiario.com\/index.php\/2021\/08\/02\/el-consumo-electrico-volvio-a-los-niveles-de-prepandemia\/","title":{"rendered":"El consumo el\u00e9ctrico volvi\u00f3 a los niveles de prepandemia"},"content":{"rendered":"<p style=\"text-align: center;\"><em><strong>La demanda de energ\u00eda el\u00e9ctrica creci\u00f3 12,1% en junio frente al mismo mes de 2020 y acumula un alza de 4,8% en el primer semestre del a\u00f1o<\/strong><\/em><\/p>\n<p>&nbsp;<\/p>\n<p>&nbsp;<\/p>\n<p>Seg\u00fan inform\u00f3 la Fundaci\u00f3n para el Desarrollo El\u00e9ctrico (Fundelec), el consumo residencial, que represent\u00f3 el 50% del total nacional, creci\u00f3 8% interanual por las bajas temperaturas, mientras que la reactivaci\u00f3n de la actividad econ\u00f3mica impuls\u00f3 el consumo de las empresas e industrias. La demanda comercial (25% del total) subi\u00f3 un 10,5% y la industrial (otro 25%) experiment\u00f3 una fuerte suba en el mes, del 22%. La demanda neta total del Mercado El\u00e9ctrico Mayorista fue en junio de 12.050 GWh (gigawatts hora), lo cual represent\u00f3 un crecimiento del 9,7% respecto de mayo, mientras la potencia m\u00e1xima, de 25.913 Mw (megawatts), se ubic\u00f3 cerca del r\u00e9cord hist\u00f3rico de enero de 2021.<\/p>\n<p>\u201cEs la primera vez, durante el \u00faltimo a\u00f1o, que se dan tres meses consecutivos de ascenso\u201d, ya que la demanda \u201csubi\u00f3 en las actividades residenciales y comerciales, pero fundamentalmente fue el consumo industrial el que impuls\u00f3 el ascenso\u201d, destac\u00f3 el informe mensual de la entidad.<\/p>\n<p>Fundelec record\u00f3 que junio de 2020 fue un mes donde hubo un impacto en la actividad, principalmente en la demanda de energ\u00eda de las grandes industrias, con ca\u00eddas del orden del 11%, en un marco del aislamiento \u201cestricto\u201d. Sin embargo, hoy la gran demanda ya se ubica en valores similares a los de 2019, a\u00f1o previo a la pandemia. \u201cEn general, algunas actividades alcanzaron la demanda previa o superior a la cuarentena\u201d, resalt\u00f3 el informe.<\/p>\n<p>En cuanto al consumo por provincias y empresas, en junio fueron 26 las que marcaron ascensos: Chubut (29%); Santiago del Estero (17%); Tucum\u00e1n (16%); Jujuy (15%); Catamarca, Corrientes y La Rioja (13% cada una); San Luis (12%), EDEA y Santa Fe (11% en cada caso).<\/p>\n<p>En EDEN y EDES la demanda el\u00e9ctrica creci\u00f3 10%; 9% en Edelap y Mendoza; 8% en C\u00f3rdoba, Entre R\u00edos, Misiones y Salta; 7% en San Juan; 6% en Chaco y R\u00edo Negro; 5% en Santa Cruz; 3% en La Pampa; y 1% en Neuqu\u00e9n, mientras s\u00f3lo Formosa present\u00f3 una ca\u00edda (-10%), concluy\u00f3 Fundelec.<\/p>\n","protected":false},"excerpt":{"rendered":"<p>La demanda de energ\u00eda el\u00e9ctrica creci\u00f3 12,1% en junio frente al mismo mes de 2020 y acumula un alza de 4,8% en el primer semestre del a\u00f1o &nbsp; &nbsp; Seg\u00fan inform\u00f3 la Fundaci\u00f3n para el Desarrollo El\u00e9ctrico (Fundelec), el consumo residencial, que represent\u00f3 el 50% del total nacional, creci\u00f3 8% interanual por las bajas temperaturas, mientras que la reactivaci\u00f3n de la actividad econ\u00f3mica impuls\u00f3 el consumo de las empresas e industrias. La demanda comercial (25% del total) subi\u00f3 un 10,5% y la industrial (otro 25%) experiment\u00f3 una fuerte suba en&#8230;<\/p>\n","protected":false},"author":3,"featured_media":76056,"comment_status":"closed","ping_status":"closed","sticky":false,"template":"","format":"standard","meta":[],"categories":[2],"tags":[],"_links":{"self":[{"href":"https:\/\/www.actualidadadiario.com\/index.php\/wp-json\/wp\/v2\/posts\/76055"}],"collection":[{"href":"https:\/\/www.actualidadadiario.com\/index.php\/wp-json\/wp\/v2\/posts"}],"about":[{"href":"https:\/\/www.actualidadadiario.com\/index.php\/wp-json\/wp\/v2\/types\/post"}],"author":[{"embeddable":true,"href":"https:\/\/www.actualidadadiario.com\/index.php\/wp-json\/wp\/v2\/users\/3"}],"replies":[{"embeddable":true,"href":"https:\/\/www.actualidadadiario.com\/index.php\/wp-json\/wp\/v2\/comments?post=76055"}],"version-history":[{"count":1,"href":"https:\/\/www.actualidadadiario.com\/index.php\/wp-json\/wp\/v2\/posts\/76055\/revisions"}],"predecessor-version":[{"id":76057,"href":"https:\/\/www.actualidadadiario.com\/index.php\/wp-json\/wp\/v2\/posts\/76055\/revisions\/76057"}],"wp:featuredmedia":[{"embeddable":true,"href":"https:\/\/www.actualidadadiario.com\/index.php\/wp-json\/wp\/v2\/media\/76056"}],"wp:attachment":[{"href":"https:\/\/www.actualidadadiario.com\/index.php\/wp-json\/wp\/v2\/media?parent=76055"}],"wp:term":[{"taxonomy":"category","embeddable":true,"href":"https:\/\/www.actualidadadiario.com\/index.php\/wp-json\/wp\/v2\/categories?post=76055"},{"taxonomy":"post_tag","embeddable":true,"href":"https:\/\/www.actualidadadiario.com\/index.php\/wp-json\/wp\/v2\/tags?post=76055"}],"curies":[{"name":"wp","href":"https:\/\/api.w.org\/{rel}","templated":true}]}}