{"id":76053,"date":"2021-08-02T12:55:50","date_gmt":"2021-08-02T15:55:50","guid":{"rendered":"https:\/\/www.actualidadadiario.com\/?p=76053"},"modified":"2021-08-02T12:55:50","modified_gmt":"2021-08-02T15:55:50","slug":"ocho-provincias-retornan-a-clases-presenciales-con-protocolos","status":"publish","type":"post","link":"https:\/\/www.actualidadadiario.com\/index.php\/2021\/08\/02\/ocho-provincias-retornan-a-clases-presenciales-con-protocolos\/","title":{"rendered":"Ocho provincias retornan a clases presenciales con protocolos"},"content":{"rendered":"<p style=\"text-align: center;\"><em><strong>Entre ellas se encuentran la provincia de Buenos Aires, Jujuy, Santa Cruz y Santiago del Estero. Ser\u00e1 un regreso escalonado, con burbujas y se aplicar\u00e1 en diferentes etapas<\/strong><\/em><\/p>\n<p>&nbsp;<\/p>\n<p>&nbsp;<\/p>\n<p>La provincia de Buenos Aires, Jujuy, Santa Cruz, Santiago del Estero, Tierra del Fuego, San Juan, Corrientes y Salta retomar\u00e1n a partir del pr\u00f3ximo lunes las clases presenciales con protocolos sanitarios, a ra\u00edz de la pandemia de coronavirus tras el receso escolar de invierno.<\/p>\n<p>En tanto, en la Ciudad de Buenos Aires el plan de regreso a los colegios se ir\u00e1 implementando entre el 4 y el 31 de agosto pr\u00f3ximo en forma escalonada en los distintos niveles educativos.<\/p>\n<p>El plan de regreso ser\u00e1 en burbujas que abarcar\u00e1n a la clase completa de alumnos y se aplicar\u00e1 en etapas entre el 4 y el 23 de agosto pr\u00f3ximos, despu\u00e9s del receso escolar y las dos jornadas del 2 y el 3 para ex\u00e1menes.<\/p>\n<p>Puntualmente, desde el mi\u00e9rcoles 4 volver\u00e1n los alumnos de 4to y 5to a\u00f1o de secundaria, los de 5to y 6to a\u00f1o de t\u00e9cnica; en tanto que el 9 de agosto regresar\u00e1n los restantes cursos de 1ero, 2do y 3ro de secundaria y 1ero, 2do, 3ero y 4to de secundarias t\u00e9cnicas.<\/p>\n<p>El 17 de agosto retornar\u00e1n los chicos y las chicas del nivel primario, los de modalidad especial, los de escuela para adultos, los del nivel superior no universitario y de los Centros de Formaci\u00f3n Profesional.<\/p>\n<p>Y el 23 de agosto ser\u00e1 la fecha para el regreso de los ni\u00f1os y ni\u00f1as del nivel inicial.<\/p>\n<p>En la provincia de Buenos Aires, un total de 4.150.000 alumnos que cursan sus estudios en un total de 16.000 establecimientos regresar\u00e1n a clases presenciales &#8220;cuidadas&#8221; en contexto de pandemia.<\/p>\n<p>De esa manera, los 65 municipios de fase 3 y los 70 de fase 4 tendr\u00e1n clases presenciales.<\/p>\n<p>El pr\u00f3ximo lunes, en Santiago del Estero retomar\u00e1n las clases presenciales todos los niveles y modalidades del sistema educativo con el sistema de burbujas en escuelas de matr\u00edculas elevadas y cada grado o secci\u00f3n se dividir\u00e1 en dos grupos, que se alternar\u00e1n una semana cada uno en la presencialidad.<\/p>\n<p>En San Juan, donde las vacaciones escolares de invierno terminaron el 17 de julio, las clases se retomar\u00e1n el lunes, dado que las escuelas dedicaron estas dos semanas a un ciclo virtual para &#8220;fortalecimiento educativo&#8221; de alumnos que no hayan acreditado los conocimientos necesarios.<\/p>\n<p>En Salta, los alumnos de los niveles inicial, primario, secundario y t\u00e9cnico retornar\u00e1n a clases este lunes, tras el receso invernal que se extendi\u00f3 una semana m\u00e1s a ra\u00edz de las jornadas pedag\u00f3gicas para instrumentar los criterios de promoci\u00f3n, evaluaci\u00f3n, acreditaci\u00f3n y cierre.<\/p>\n<p>Tambi\u00e9n el pr\u00f3ximo lunes retoman las clases Jujuy, Tierra del Fuego, Santa Cruz y Corrientes.<\/p>\n<p>Seg\u00fan el cronograma de vacaciones escolares de invierno, la semana del 26 de julio retornaron a clases Catamarca, C\u00f3rdoba, Chaco, Chubut, Entre R\u00edos, Formosa, La Pampa, Mendoza, Misiones, Neuqu\u00e9n, San Luis, Santa Fe, La Rioja y Tucum\u00e1n, que iniciaron sus vacaciones el 12 de julio.<\/p>\n<p>En Santa Fe las clases se reiniciaron con presencialidad en todos los niveles y la ampliaci\u00f3n del tiempo de los alumnos en las escuelas de una hora en el nivel primario y de dos en el secundario.<\/p>\n<p>En C\u00f3rdoba, retomaron la presencialidad de alternancia, con el incremento de una hora m\u00e1s de clase en los niveles primario y secundario.<\/p>\n<p>En Formosa, las clases presenciales volvieron de manera parcial, con horarios reducidos y de forma progresiva y no obligatoria.<\/p>\n<p>En tanto, en Entre R\u00edos se reanudaron con la carga horaria completa.<\/p>\n<p>Por su parte, en Tucum\u00e1n, retornaron las clases presenciales todos los d\u00edas con protocolos.<\/p>\n<p>En R\u00edo Negro, 230.584 alumnos de todos los niveles volvieron a las aulas con el protocolo de presencialidad cuidada y el sistema combinado de clases virtuales y presenciales, en forma alternada, seg\u00fan voceros de Educaci\u00f3n provincial.<\/p>\n<p>Tambi\u00e9n regresaron en Neuqu\u00e9n, con la asistencia de todo el trayecto educativo obligatorio, que va de las salas de 3 a\u00f1os hasta el secundario completo.<\/p>\n<p>En San Luis, las clases regresaron con modalidades presencial, virtual o combinada y los tutores podr\u00e1n elegir cualquier modalidad o combinar ambos sistemas de ense\u00f1anza, previa comunicaci\u00f3n con sus escuelas.<\/p>\n<p>Por su parte, la Direcci\u00f3n General de Escuelas de Mendoza hab\u00eda establecido el regreso a las aulas el jueves 29 de julio, tras el receso invernal y de las jornadas institucionales previstas entre el 26 y el 28.<\/p>\n<p>A su vez, los alumnos de La Pampa volvieron a las clases con un sistema bimodal virtual y presencial.<\/p>\n","protected":false},"excerpt":{"rendered":"<p>Entre ellas se encuentran la provincia de Buenos Aires, Jujuy, Santa Cruz y Santiago del Estero. Ser\u00e1 un regreso escalonado, con burbujas y se aplicar\u00e1 en diferentes etapas &nbsp; &nbsp; La provincia de Buenos Aires, Jujuy, Santa Cruz, Santiago del Estero, Tierra del Fuego, San Juan, Corrientes y Salta retomar\u00e1n a partir del pr\u00f3ximo lunes las clases presenciales con protocolos sanitarios, a ra\u00edz de la pandemia de coronavirus tras el receso escolar de invierno. En tanto, en la Ciudad de Buenos Aires el plan de regreso a los colegios se&#8230;<\/p>\n","protected":false},"author":3,"featured_media":73650,"comment_status":"closed","ping_status":"closed","sticky":false,"template":"","format":"standard","meta":[],"categories":[2],"tags":[],"_links":{"self":[{"href":"https:\/\/www.actualidadadiario.com\/index.php\/wp-json\/wp\/v2\/posts\/76053"}],"collection":[{"href":"https:\/\/www.actualidadadiario.com\/index.php\/wp-json\/wp\/v2\/posts"}],"about":[{"href":"https:\/\/www.actualidadadiario.com\/index.php\/wp-json\/wp\/v2\/types\/post"}],"author":[{"embeddable":true,"href":"https:\/\/www.actualidadadiario.com\/index.php\/wp-json\/wp\/v2\/users\/3"}],"replies":[{"embeddable":true,"href":"https:\/\/www.actualidadadiario.com\/index.php\/wp-json\/wp\/v2\/comments?post=76053"}],"version-history":[{"count":1,"href":"https:\/\/www.actualidadadiario.com\/index.php\/wp-json\/wp\/v2\/posts\/76053\/revisions"}],"predecessor-version":[{"id":76054,"href":"https:\/\/www.actualidadadiario.com\/index.php\/wp-json\/wp\/v2\/posts\/76053\/revisions\/76054"}],"wp:featuredmedia":[{"embeddable":true,"href":"https:\/\/www.actualidadadiario.com\/index.php\/wp-json\/wp\/v2\/media\/73650"}],"wp:attachment":[{"href":"https:\/\/www.actualidadadiario.com\/index.php\/wp-json\/wp\/v2\/media?parent=76053"}],"wp:term":[{"taxonomy":"category","embeddable":true,"href":"https:\/\/www.actualidadadiario.com\/index.php\/wp-json\/wp\/v2\/categories?post=76053"},{"taxonomy":"post_tag","embeddable":true,"href":"https:\/\/www.actualidadadiario.com\/index.php\/wp-json\/wp\/v2\/tags?post=76053"}],"curies":[{"name":"wp","href":"https:\/\/api.w.org\/{rel}","templated":true}]}}