{"id":757,"date":"2016-09-07T09:26:57","date_gmt":"2016-09-07T12:26:57","guid":{"rendered":"http:\/\/actualidadadiario.com\/site\/?p=757"},"modified":"2016-09-07T09:26:57","modified_gmt":"2016-09-07T12:26:57","slug":"la-corte-habilito-a-edenor-y-edesur-a-aplicar-el-tarifazo-de-luz-en-la-provincia","status":"publish","type":"post","link":"https:\/\/www.actualidadadiario.com\/index.php\/2016\/09\/07\/la-corte-habilito-a-edenor-y-edesur-a-aplicar-el-tarifazo-de-luz-en-la-provincia\/","title":{"rendered":"La Corte habilit\u00f3 a Edenor y Edesur a aplicar el tarifazo de luz en la Provincia"},"content":{"rendered":"<p><em><strong>El m\u00e1ximo tribunal revoc\u00f3 una cautelar que frenaba el aumento del servicio energ\u00e9tico en el territorio bonaerense. Es por cuestiones procesales<\/strong><\/em><\/p>\n<p>&nbsp;<\/p>\n<p>&nbsp;<\/p>\n<p>&nbsp;<\/p>\n<p>La Corte Suprema de Justicia\u00a0rechaz\u00f3 este martes la medida cautelar que fren\u00f3 el aumento en la tarifa de energ\u00eda en la provincia de Buenos Aires. Por unanimidad, el tribunal fall\u00f3 en contraposici\u00f3n a lo fijado por la Procuradora General de la Naci\u00f3n, Alejandra Gils Carb\u00f3, que hab\u00eda dictaminado por avalar un fallo de la Sala II de la C\u00e1mara Federal de La Plata que fren\u00f3 los aumentos<strong>.<\/strong><\/p>\n<p>&nbsp;<\/p>\n<p>De acuerdo al Centro de Informaci\u00f3n Judicial, el M\u00e1ximo Tribunal estableci\u00f3 que los demandantes<strong>\u00a0<\/strong>no tienen potestad para presentar una acci\u00f3n colectiva\u00a0que represente a todos los usuarios del servicio en el territorio del conurbano bonaerense. Por lo tanto, correspond\u00eda, a criterio de la Corte, revocar la medida cautelar, lo que permite a las empresas\u00a0facturar con los incrementos dispuestos\u00a0por la resoluci\u00f3n 1 del Ministerio de Energ\u00eda.<\/p>\n<p>&nbsp;<\/p>\n<p>La causa hab\u00eda sido impulsada por un diputado bonaerense del\u00a0<em>FpV<\/em>,<strong>\u00a0<\/strong>Walter Abarca, a la que luego se sum\u00f3 la Defensor\u00eda del Pueblo de la Provincia de Buenos Aires y el club &#8220;12 de Octubre&#8221;.<\/p>\n<p>&nbsp;<\/p>\n<p>Esto no implica un fallo de fondo sobre la cuesti\u00f3n, por lo que la causa se seguir\u00e1 tramitando en los estrados inferiores. S\u00ed implica\u00a0un poco de tiempo al Gobierno\u00a0para resolver la cuesti\u00f3n, mientras aguarda las audiencias p\u00fablicas de septiembre y octubre.<\/p>\n","protected":false},"excerpt":{"rendered":"<p>El m\u00e1ximo tribunal revoc\u00f3 una cautelar que frenaba el aumento del servicio energ\u00e9tico en el territorio bonaerense. Es por cuestiones procesales &nbsp; &nbsp; &nbsp; La Corte Suprema de Justicia\u00a0rechaz\u00f3 este martes la medida cautelar que fren\u00f3 el aumento en la tarifa de energ\u00eda en la provincia de Buenos Aires. Por unanimidad, el tribunal fall\u00f3 en contraposici\u00f3n a lo fijado por la Procuradora General de la Naci\u00f3n, Alejandra Gils Carb\u00f3, que hab\u00eda dictaminado por avalar un fallo de la Sala II de la C\u00e1mara Federal de La Plata que fren\u00f3 los&#8230;<\/p>\n","protected":false},"author":3,"featured_media":758,"comment_status":"closed","ping_status":"closed","sticky":false,"template":"","format":"standard","meta":[],"categories":[9],"tags":[],"_links":{"self":[{"href":"https:\/\/www.actualidadadiario.com\/index.php\/wp-json\/wp\/v2\/posts\/757"}],"collection":[{"href":"https:\/\/www.actualidadadiario.com\/index.php\/wp-json\/wp\/v2\/posts"}],"about":[{"href":"https:\/\/www.actualidadadiario.com\/index.php\/wp-json\/wp\/v2\/types\/post"}],"author":[{"embeddable":true,"href":"https:\/\/www.actualidadadiario.com\/index.php\/wp-json\/wp\/v2\/users\/3"}],"replies":[{"embeddable":true,"href":"https:\/\/www.actualidadadiario.com\/index.php\/wp-json\/wp\/v2\/comments?post=757"}],"version-history":[{"count":1,"href":"https:\/\/www.actualidadadiario.com\/index.php\/wp-json\/wp\/v2\/posts\/757\/revisions"}],"predecessor-version":[{"id":759,"href":"https:\/\/www.actualidadadiario.com\/index.php\/wp-json\/wp\/v2\/posts\/757\/revisions\/759"}],"wp:featuredmedia":[{"embeddable":true,"href":"https:\/\/www.actualidadadiario.com\/index.php\/wp-json\/wp\/v2\/media\/758"}],"wp:attachment":[{"href":"https:\/\/www.actualidadadiario.com\/index.php\/wp-json\/wp\/v2\/media?parent=757"}],"wp:term":[{"taxonomy":"category","embeddable":true,"href":"https:\/\/www.actualidadadiario.com\/index.php\/wp-json\/wp\/v2\/categories?post=757"},{"taxonomy":"post_tag","embeddable":true,"href":"https:\/\/www.actualidadadiario.com\/index.php\/wp-json\/wp\/v2\/tags?post=757"}],"curies":[{"name":"wp","href":"https:\/\/api.w.org\/{rel}","templated":true}]}}