{"id":70163,"date":"2020-12-23T12:52:57","date_gmt":"2020-12-23T15:52:57","guid":{"rendered":"https:\/\/www.actualidadadiario.com\/?p=70163"},"modified":"2020-12-23T12:52:57","modified_gmt":"2020-12-23T15:52:57","slug":"en-noviembre-el-consumo-crecio-por-primera-vez-en-los-ultimos-29-meses","status":"publish","type":"post","link":"https:\/\/www.actualidadadiario.com\/index.php\/2020\/12\/23\/en-noviembre-el-consumo-crecio-por-primera-vez-en-los-ultimos-29-meses\/","title":{"rendered":"En noviembre, el consumo creci\u00f3 por primera vez en los \u00faltimos 29 meses"},"content":{"rendered":"<p style=\"text-align: center;\"><em><strong>Creci\u00f3 el 1,9% interanual y un 3,8% mensual. El an\u00e1lisis remarc\u00f3 que, si bien los resultados fueron mixtos, implicaron una mejora sustancial respecto de meses previos. Estiman que en diciembre continu\u00f3 la tendencia<\/strong><\/em><\/p>\n<p>&nbsp;<\/p>\n<p>&nbsp;<\/p>\n<p>Luego del impacto sufrido por la pandemia, el consumo muestra se\u00f1ales de recuperaci\u00f3n. De hecho, en noviembre present\u00f3 una mejora interanual. El Indicador Mensual de Consumo (IMC) elaborado por el Instituto de Trabajo y Tecnolog\u00eda (ITE) de la Fundaci\u00f3n Germ\u00e1n Abdala, arroj\u00f3 durante el mes pasado un crecimiento del 1,9% frente al mismo mes de 2019, lo que represent\u00f3 la primera suba desde mayo de 2018. Seg\u00fan la consultora, la serie sin estacionalidad evidenci\u00f3 un alza del 3,8%, recuperando as\u00ed la ca\u00edda sufrida por el coronavirus. En lo que va del a\u00f1o, el IMC acumula una baja de 9,5% anual.<\/p>\n<p>\u201cLos resultados a nivel desagregado fueron mixtos, pero implicaron una mejora sustancial respecto de los meses previos. La venta de autos nacionales subi\u00f3 un 133% anual, y acumula cinco meses en alza. Asimismo, de acuerdo a CAME las ventas minoristas se contrajeron un 6,7% anual, con bajas en todos los rubros. Por otro lado, el IVA Neto baj\u00f3 un 3,8% anual, mejorando sustancialmente respecto de los meses previos. Finalmente, el cr\u00e9dito real al sector privado hilvan\u00f3 la sexta suba consecutiva: 13,9% anual\u201d, sostuvo la firma en su informe, y agreg\u00f3: \u201cDe cara a los pr\u00f3ximos meses, es esperable que el consumo contin\u00fae recuperando terreno. Sin embargo, de continuar la aceleraci\u00f3n de la inflaci\u00f3n registrada en el \u00faltimo bimestre la misma podr\u00eda resentirse\u201d.<\/p>\n<p>Justamente, de cara a lo que pueda ocurrir en diciembre, se percibe que la tendencia de recuperaci\u00f3n se mantendr\u00e1. De todas formas, aclararon, es poco probable que el consumo en algunos rubros alcance los niveles del a\u00f1o pasado. \u201cA\u00fan no tenemos datos concretos, pero pareciera que hay una suerte de recuperaci\u00f3n leve, no muy importante, con respecto a los meses anteriores. Aunque estimo que va a estar por debajo del nivel de ventas de la Navidad del a\u00f1o pasado, por la pandemia, por la menor cantidad de reuniones familiares que habr\u00e1 y, por supuesto, m\u00e1s gente desocupada y eso incide en que haya menos consumo. Pero claramente se est\u00e1 notando una desaceleraci\u00f3n fuerte en la ca\u00edda en los \u00faltimos meses. Con lo cual, diciembre deber\u00eda ser mejor que lo que ven\u00edamos viendo en los meses anteriores\u201d, analiz\u00f3 a \u00c1mbito Pedro Cascales, vocero de la CAME, quien remarc\u00f3: \u201cTambi\u00e9n impactan las expectativas de la gente. Si la gente cree que la vacuna va a llegar y que la pandemia se termina es una cosa, y si la gente ve temor retrae su consumo. Pero creo que va a estar mejor que noviembre seguramente\u201d.<\/p>\n<p>Al analizar el consumo, para el director de Focus Market, Dami\u00e1n Di Pace, es imposible la comparaci\u00f3n con el a\u00f1o pasado. \u201cEn el medio de la pandemia se rompe la estacionalidad, que responde a un lugar donde ciertas variables permanecen constantes. Eso en pandemia no se da. Entonces, interanualmente es dif\u00edcil que el consumo en diciembre supere los niveles del a\u00f1o pasado, por los niveles de ca\u00edda de la econom\u00eda, el deterioro de la actividad e incluso de los cuentapropistas\u201d, sostuvo el analista, quien en ese contexto remarc\u00f3: \u201cS\u00ed es posible que desacelere frente al trimestre previo. Sobre todo en algunos productos. Aquellos rubros que desacelerar\u00e1n m\u00e1s fuerte la ca\u00edda en el cuarto trimestre frente a lo que ocurri\u00f3 en el tercero, ser\u00e1 lo relacionado con amoblamientos, decoraci\u00f3n, regaler\u00eda, servicios (porque estaba totalmente cerrado) y bienes durables, tambi\u00e9n porque diciembre es un mes en el que los planes Ahora 12 y 18 va a mejorar con respecto al tercer trimestre: hablamos de la l\u00ednea blanca que lanz\u00f3 el Gobierno, creo que en ese sentido puede llegar a mejorar\u201d.<\/p>\n","protected":false},"excerpt":{"rendered":"<p>Creci\u00f3 el 1,9% interanual y un 3,8% mensual. El an\u00e1lisis remarc\u00f3 que, si bien los resultados fueron mixtos, implicaron una mejora sustancial respecto de meses previos. Estiman que en diciembre continu\u00f3 la tendencia &nbsp; &nbsp; Luego del impacto sufrido por la pandemia, el consumo muestra se\u00f1ales de recuperaci\u00f3n. De hecho, en noviembre present\u00f3 una mejora interanual. El Indicador Mensual de Consumo (IMC) elaborado por el Instituto de Trabajo y Tecnolog\u00eda (ITE) de la Fundaci\u00f3n Germ\u00e1n Abdala, arroj\u00f3 durante el mes pasado un crecimiento del 1,9% frente al mismo mes de&#8230;<\/p>\n","protected":false},"author":3,"featured_media":56980,"comment_status":"closed","ping_status":"closed","sticky":false,"template":"","format":"standard","meta":[],"categories":[2],"tags":[],"_links":{"self":[{"href":"https:\/\/www.actualidadadiario.com\/index.php\/wp-json\/wp\/v2\/posts\/70163"}],"collection":[{"href":"https:\/\/www.actualidadadiario.com\/index.php\/wp-json\/wp\/v2\/posts"}],"about":[{"href":"https:\/\/www.actualidadadiario.com\/index.php\/wp-json\/wp\/v2\/types\/post"}],"author":[{"embeddable":true,"href":"https:\/\/www.actualidadadiario.com\/index.php\/wp-json\/wp\/v2\/users\/3"}],"replies":[{"embeddable":true,"href":"https:\/\/www.actualidadadiario.com\/index.php\/wp-json\/wp\/v2\/comments?post=70163"}],"version-history":[{"count":1,"href":"https:\/\/www.actualidadadiario.com\/index.php\/wp-json\/wp\/v2\/posts\/70163\/revisions"}],"predecessor-version":[{"id":70164,"href":"https:\/\/www.actualidadadiario.com\/index.php\/wp-json\/wp\/v2\/posts\/70163\/revisions\/70164"}],"wp:featuredmedia":[{"embeddable":true,"href":"https:\/\/www.actualidadadiario.com\/index.php\/wp-json\/wp\/v2\/media\/56980"}],"wp:attachment":[{"href":"https:\/\/www.actualidadadiario.com\/index.php\/wp-json\/wp\/v2\/media?parent=70163"}],"wp:term":[{"taxonomy":"category","embeddable":true,"href":"https:\/\/www.actualidadadiario.com\/index.php\/wp-json\/wp\/v2\/categories?post=70163"},{"taxonomy":"post_tag","embeddable":true,"href":"https:\/\/www.actualidadadiario.com\/index.php\/wp-json\/wp\/v2\/tags?post=70163"}],"curies":[{"name":"wp","href":"https:\/\/api.w.org\/{rel}","templated":true}]}}