{"id":70154,"date":"2020-12-23T12:50:44","date_gmt":"2020-12-23T15:50:44","guid":{"rendered":"https:\/\/www.actualidadadiario.com\/?p=70154"},"modified":"2020-12-23T12:50:44","modified_gmt":"2020-12-23T15:50:44","slug":"ballay-comunico-a-los-gremios-estatales-el-llamado-a-paritarias-para-el-fin-del-receso","status":"publish","type":"post","link":"https:\/\/www.actualidadadiario.com\/index.php\/2020\/12\/23\/ballay-comunico-a-los-gremios-estatales-el-llamado-a-paritarias-para-el-fin-del-receso\/","title":{"rendered":"Ballay comunic\u00f3 a los gremios estatales el llamado a paritarias para el fin del receso"},"content":{"rendered":"<p style=\"text-align: center;\"><em><strong>El ministro de Econom\u00eda, Hugo Ballay, convoc\u00f3 a paritarias a los gremios estatales para el 26 y 27 de enero<\/strong><\/em><\/p>\n<p>&nbsp;<\/p>\n<p>&nbsp;<\/p>\n<p>Tambi\u00e9n inform\u00f3 que se prorrogar\u00e1n los adicionales para el personal esencial en el marco de la pandemia, se aumentar\u00e1n los contratos de obra, y ratific\u00f3 la entrega de los bonos de fin de a\u00f1o para trabajadores activos y pasivos.<\/p>\n<p>Durante el encuentro que se desarroll\u00f3 en el Sal\u00f3n de Gobernadores de Casa de Gobierno, Ballay anunci\u00f3, adem\u00e1s, que la provincia actualizar\u00e1 un 18 por ciento las asignaciones familiares para los trabajadores estatales a partir del primero de febrero, y que tambi\u00e9n habr\u00e1 un aumento similar a partir del primero de mayo. De esta manera la provincia se equipara a los montos pagados por Anses en este \u00edtem.<\/p>\n<p>Por otra parte, el titular de la cartera econ\u00f3mica anunci\u00f3 que el m\u00ednimo de los contratos de obras se elevar\u00e1 a 27.000 pesos; y que en el marco del decreto 2372 se prorrogaron los adicionales al personal esencial de Salud, Desarrollo Social, Copnaf y de la Polic\u00eda de Entre R\u00edos, en el marco de la pandemia.<\/p>\n<p>En cuanto al bono de fin de a\u00f1o de 5.000 pesos para los trabajadores activos, y de 3.000 para los pasivos, que anunci\u00f3 el gobernador Gustavo Bordet el martes, Ballay precis\u00f3 que se abonar\u00e1 la semana pr\u00f3xima antes del cierre del a\u00f1o. \u201cSe trata de una inversi\u00f3n muy significativa de 650 millones de pesos que hace la provincia a\u00fan en un marco muy delicado como el que nos impuso la pandemia, y que se suma a los 10.500 millones de pesos que ya se volcaron antes de las fiestas y que representan una gran actividad econ\u00f3mica\u201d, se\u00f1al\u00f3.<\/p>\n<p>En cuanto a la convocatoria a paritarias, Ballay sostuvo que la fecha propuesta son los d\u00edas 26 y 27 de enero, \u201cinmediatamente despu\u00e9s del receso de la administraci\u00f3n p\u00fablica\u201d, se\u00f1al\u00f3. \u201cVamos a establecer un plazo para la elaboraci\u00f3n conjunta del temario\u201d, explic\u00f3 y adelant\u00f3 que \u201cdesde el gobierno llevar\u00edamos una propuesta salarial porcentual que incorporar\u00e1 las sumas fijas otorgadas en octubre, noviembre y diciembre de 2020\u201d.<\/p>\n<p>Por \u00faltimo, Ballay destac\u00f3 \u201cla decisi\u00f3n del gobernador Gustavo Bordet que, a pesar de la baja de recursos que implic\u00f3 la pandemia, y llevando adelante una administraci\u00f3n ordenada que prioriza la salud, la contenci\u00f3n y el desarrollo, genera los mecanismos necesarios para compensar el impacto inflacionario en los salarios de los trabajadores del Estado\u201d, y valor\u00f3 adem\u00e1s \u201cla asistencia de Naci\u00f3n que surge de la visi\u00f3n federal del presidente y de la buena relaci\u00f3n que mantiene con el gobernador\u201d.<\/p>\n<p>Estuvieron Oscar Muntes por la Asociaci\u00f3n Trabajadores del Estado (ATE); Cristina Melgarejo por Uni\u00f3n del Personal Civil de la Naci\u00f3n (UPCN); Marcelo Pagani por Asociaci\u00f3n Gremial del Magisterio de Entre R\u00edos (Agmer); Katerina Arce por Sindicato Argentino de Docentes Privados (Sadop); Mirta Raya por la Uni\u00f3n Docentes Argentinos (UDA) y Fabi\u00e1n Monz\u00f3n por la Asociaci\u00f3n del Magisterio de Ense\u00f1anza T\u00e9cnica (Amet).<\/p>\n","protected":false},"excerpt":{"rendered":"<p>El ministro de Econom\u00eda, Hugo Ballay, convoc\u00f3 a paritarias a los gremios estatales para el 26 y 27 de enero &nbsp; &nbsp; Tambi\u00e9n inform\u00f3 que se prorrogar\u00e1n los adicionales para el personal esencial en el marco de la pandemia, se aumentar\u00e1n los contratos de obra, y ratific\u00f3 la entrega de los bonos de fin de a\u00f1o para trabajadores activos y pasivos. Durante el encuentro que se desarroll\u00f3 en el Sal\u00f3n de Gobernadores de Casa de Gobierno, Ballay anunci\u00f3, adem\u00e1s, que la provincia actualizar\u00e1 un 18 por ciento las asignaciones familiares&#8230;<\/p>\n","protected":false},"author":3,"featured_media":70155,"comment_status":"closed","ping_status":"closed","sticky":false,"template":"","format":"standard","meta":[],"categories":[15],"tags":[],"_links":{"self":[{"href":"https:\/\/www.actualidadadiario.com\/index.php\/wp-json\/wp\/v2\/posts\/70154"}],"collection":[{"href":"https:\/\/www.actualidadadiario.com\/index.php\/wp-json\/wp\/v2\/posts"}],"about":[{"href":"https:\/\/www.actualidadadiario.com\/index.php\/wp-json\/wp\/v2\/types\/post"}],"author":[{"embeddable":true,"href":"https:\/\/www.actualidadadiario.com\/index.php\/wp-json\/wp\/v2\/users\/3"}],"replies":[{"embeddable":true,"href":"https:\/\/www.actualidadadiario.com\/index.php\/wp-json\/wp\/v2\/comments?post=70154"}],"version-history":[{"count":1,"href":"https:\/\/www.actualidadadiario.com\/index.php\/wp-json\/wp\/v2\/posts\/70154\/revisions"}],"predecessor-version":[{"id":70156,"href":"https:\/\/www.actualidadadiario.com\/index.php\/wp-json\/wp\/v2\/posts\/70154\/revisions\/70156"}],"wp:featuredmedia":[{"embeddable":true,"href":"https:\/\/www.actualidadadiario.com\/index.php\/wp-json\/wp\/v2\/media\/70155"}],"wp:attachment":[{"href":"https:\/\/www.actualidadadiario.com\/index.php\/wp-json\/wp\/v2\/media?parent=70154"}],"wp:term":[{"taxonomy":"category","embeddable":true,"href":"https:\/\/www.actualidadadiario.com\/index.php\/wp-json\/wp\/v2\/categories?post=70154"},{"taxonomy":"post_tag","embeddable":true,"href":"https:\/\/www.actualidadadiario.com\/index.php\/wp-json\/wp\/v2\/tags?post=70154"}],"curies":[{"name":"wp","href":"https:\/\/api.w.org\/{rel}","templated":true}]}}