{"id":70149,"date":"2020-12-23T12:49:18","date_gmt":"2020-12-23T15:49:18","guid":{"rendered":"https:\/\/www.actualidadadiario.com\/?p=70149"},"modified":"2020-12-23T12:49:18","modified_gmt":"2020-12-23T15:49:18","slug":"confirmacion-de-condena","status":"publish","type":"post","link":"https:\/\/www.actualidadadiario.com\/index.php\/2020\/12\/23\/confirmacion-de-condena\/","title":{"rendered":"Confirmaci\u00f3n de condena"},"content":{"rendered":"<p style=\"text-align: center;\"><em><strong>Se trata del exintendente de Paran\u00e1 Sergio Varisco a quien confirmaron una condena por seis a\u00f1os. Las autoridades judiciales ratificaron que fue &#8220;part\u00edcipe necesario&#8221; de comercializaci\u00f3n de drogas<\/strong><\/em><\/p>\n<p>&nbsp;<\/p>\n<p>&nbsp;<\/p>\n<p>La C\u00e1mara Federal de Casaci\u00f3n Federal confirm\u00f3 por unanimidad la condena del exintendente de Paran\u00e1 Sergio Varisco y de otros exfuncionarios de Cambiemos por narcotr\u00e1fico. El tribunal de alzada aval\u00f3 la pena de 6 a\u00f1os y medio de prisi\u00f3n para el exjefe comunal.<\/p>\n<p>Los tres integrantes de la Sala 4 de Casaci\u00f3n, Gustavo Hornos, Mariano Borinsky y Javier Carbajo, rechazaron los recursos presentados por la defensa y dejaron firme el fallo del tribunal de primera instancia de Paran\u00e1 dictado en diciembre de 2019, por lo que Varisco podr\u00eda quedar detenido por ser part\u00edcipe necesario de comercializaci\u00f3n de estupefacientes agravado.<\/p>\n<p>Casaci\u00f3n tambi\u00e9n dej\u00f3 firme el fallo de los 26 acusados entre los que se encuentran Daniel \u201cTavi\u201d Celis, l\u00edder de la banda delictiva y funcionarios municipales, entre los que se encuentran la exsecretaria de Seguridad de Paran\u00e1, Griselda Bordeira; y el exconcejal de Cambiemos, Pablo Hern\u00e1ndez.<\/p>\n<p>Hasta ahora el exintendente de la ciudad entrerriana se encontraba detenido en su domicilio, monitoreado con tobillera electr\u00f3nica.<\/p>\n","protected":false},"excerpt":{"rendered":"<p>Se trata del exintendente de Paran\u00e1 Sergio Varisco a quien confirmaron una condena por seis a\u00f1os. Las autoridades judiciales ratificaron que fue &#8220;part\u00edcipe necesario&#8221; de comercializaci\u00f3n de drogas &nbsp; &nbsp; La C\u00e1mara Federal de Casaci\u00f3n Federal confirm\u00f3 por unanimidad la condena del exintendente de Paran\u00e1 Sergio Varisco y de otros exfuncionarios de Cambiemos por narcotr\u00e1fico. El tribunal de alzada aval\u00f3 la pena de 6 a\u00f1os y medio de prisi\u00f3n para el exjefe comunal. Los tres integrantes de la Sala 4 de Casaci\u00f3n, Gustavo Hornos, Mariano Borinsky y Javier Carbajo, rechazaron&#8230;<\/p>\n","protected":false},"author":3,"featured_media":55969,"comment_status":"closed","ping_status":"closed","sticky":false,"template":"","format":"standard","meta":[],"categories":[15],"tags":[],"_links":{"self":[{"href":"https:\/\/www.actualidadadiario.com\/index.php\/wp-json\/wp\/v2\/posts\/70149"}],"collection":[{"href":"https:\/\/www.actualidadadiario.com\/index.php\/wp-json\/wp\/v2\/posts"}],"about":[{"href":"https:\/\/www.actualidadadiario.com\/index.php\/wp-json\/wp\/v2\/types\/post"}],"author":[{"embeddable":true,"href":"https:\/\/www.actualidadadiario.com\/index.php\/wp-json\/wp\/v2\/users\/3"}],"replies":[{"embeddable":true,"href":"https:\/\/www.actualidadadiario.com\/index.php\/wp-json\/wp\/v2\/comments?post=70149"}],"version-history":[{"count":1,"href":"https:\/\/www.actualidadadiario.com\/index.php\/wp-json\/wp\/v2\/posts\/70149\/revisions"}],"predecessor-version":[{"id":70150,"href":"https:\/\/www.actualidadadiario.com\/index.php\/wp-json\/wp\/v2\/posts\/70149\/revisions\/70150"}],"wp:featuredmedia":[{"embeddable":true,"href":"https:\/\/www.actualidadadiario.com\/index.php\/wp-json\/wp\/v2\/media\/55969"}],"wp:attachment":[{"href":"https:\/\/www.actualidadadiario.com\/index.php\/wp-json\/wp\/v2\/media?parent=70149"}],"wp:term":[{"taxonomy":"category","embeddable":true,"href":"https:\/\/www.actualidadadiario.com\/index.php\/wp-json\/wp\/v2\/categories?post=70149"},{"taxonomy":"post_tag","embeddable":true,"href":"https:\/\/www.actualidadadiario.com\/index.php\/wp-json\/wp\/v2\/tags?post=70149"}],"curies":[{"name":"wp","href":"https:\/\/api.w.org\/{rel}","templated":true}]}}