{"id":70131,"date":"2020-12-22T12:52:12","date_gmt":"2020-12-22T15:52:12","guid":{"rendered":"https:\/\/www.actualidadadiario.com\/?p=70131"},"modified":"2020-12-22T12:52:12","modified_gmt":"2020-12-22T15:52:12","slug":"chile-extiende-el-toque-de-queda-nocturno","status":"publish","type":"post","link":"https:\/\/www.actualidadadiario.com\/index.php\/2020\/12\/22\/chile-extiende-el-toque-de-queda-nocturno\/","title":{"rendered":"Chile extiende el toque de queda nocturno"},"content":{"rendered":"<p style=\"text-align: center;\"><em><strong>El gobierno de Chile anunci\u00f3 que extender\u00e1 el horario del toque de queda nocturno despu\u00e9s de la fiesta de Navidad ante el aumento de los contagios de coronavirus en las \u00faltimas semanas<\/strong><\/em><\/p>\n<p>&nbsp;<\/p>\n<p>&#8220;Se adelanta dos horas el horario del toque de queda para todo el territorio nacional a partir del s\u00e1bado 26 de diciembre&#8221;, inform\u00f3 la subsecretaria de Prevenci\u00f3n del Delito, Katherine Martorell, en conferencia de prensa desde la sede de Gobierno, el palacio de La Moneda.<\/p>\n<p>La restricci\u00f3n, que hasta ahora rige entre la 0 y las 5, comenzar\u00e1 a funcionar desde las 22 con el objetivo de evitar contagios en actividades de la vida nocturna, como fiestas, celebraciones, juntadas en restaurantes y eventos similares.<\/p>\n<p>En la misma conferencia, el ministro de Salud, Enrique Paris, explic\u00f3 que la edad promedio de los nuevos casos de contagio fue disminuyendo y actualmente es de 39 a\u00f1os, por lo que hizo un llamado a la juventud a ser responsable ante la pandemia.<\/p>\n<p>Desde el 11 de marzo, la Organizaci\u00f3n Mundial de la Salud (OMS) califica como pandemia la enfermedad covid-19 causada por el nuevo coronavirus SARS-CoV-2, detectado por primera vez a fines de 2019. En Chile se contagiaron 587.488 personas, de los que 16.197 fallecieron.<\/p>\n<p>Por \u00faltimo, el ministerio detall\u00f3 que actualmente hay 673 pacientes hospitalizados en unidades de cuidados intensivos producto de complicaciones respiratorias debido al contagio, de los cuales 503 est\u00e1n conectados a respirador mec\u00e1nico y 57 permanecen en estado cr\u00edtico.<\/p>\n","protected":false},"excerpt":{"rendered":"<p>El gobierno de Chile anunci\u00f3 que extender\u00e1 el horario del toque de queda nocturno despu\u00e9s de la fiesta de Navidad ante el aumento de los contagios de coronavirus en las \u00faltimas semanas &nbsp; &#8220;Se adelanta dos horas el horario del toque de queda para todo el territorio nacional a partir del s\u00e1bado 26 de diciembre&#8221;, inform\u00f3 la subsecretaria de Prevenci\u00f3n del Delito, Katherine Martorell, en conferencia de prensa desde la sede de Gobierno, el palacio de La Moneda. La restricci\u00f3n, que hasta ahora rige entre la 0 y las 5,&#8230;<\/p>\n","protected":false},"author":3,"featured_media":70132,"comment_status":"closed","ping_status":"closed","sticky":false,"template":"","format":"standard","meta":[],"categories":[4],"tags":[],"_links":{"self":[{"href":"https:\/\/www.actualidadadiario.com\/index.php\/wp-json\/wp\/v2\/posts\/70131"}],"collection":[{"href":"https:\/\/www.actualidadadiario.com\/index.php\/wp-json\/wp\/v2\/posts"}],"about":[{"href":"https:\/\/www.actualidadadiario.com\/index.php\/wp-json\/wp\/v2\/types\/post"}],"author":[{"embeddable":true,"href":"https:\/\/www.actualidadadiario.com\/index.php\/wp-json\/wp\/v2\/users\/3"}],"replies":[{"embeddable":true,"href":"https:\/\/www.actualidadadiario.com\/index.php\/wp-json\/wp\/v2\/comments?post=70131"}],"version-history":[{"count":1,"href":"https:\/\/www.actualidadadiario.com\/index.php\/wp-json\/wp\/v2\/posts\/70131\/revisions"}],"predecessor-version":[{"id":70133,"href":"https:\/\/www.actualidadadiario.com\/index.php\/wp-json\/wp\/v2\/posts\/70131\/revisions\/70133"}],"wp:featuredmedia":[{"embeddable":true,"href":"https:\/\/www.actualidadadiario.com\/index.php\/wp-json\/wp\/v2\/media\/70132"}],"wp:attachment":[{"href":"https:\/\/www.actualidadadiario.com\/index.php\/wp-json\/wp\/v2\/media?parent=70131"}],"wp:term":[{"taxonomy":"category","embeddable":true,"href":"https:\/\/www.actualidadadiario.com\/index.php\/wp-json\/wp\/v2\/categories?post=70131"},{"taxonomy":"post_tag","embeddable":true,"href":"https:\/\/www.actualidadadiario.com\/index.php\/wp-json\/wp\/v2\/tags?post=70131"}],"curies":[{"name":"wp","href":"https:\/\/api.w.org\/{rel}","templated":true}]}}