{"id":70125,"date":"2020-12-22T12:50:53","date_gmt":"2020-12-22T15:50:53","guid":{"rendered":"https:\/\/www.actualidadadiario.com\/?p=70125"},"modified":"2020-12-22T12:50:53","modified_gmt":"2020-12-22T15:50:53","slug":"la-union-europea-se-reune-de-urgencia-por-la-nueva-cepa-del-coronavirus-del-reino-unido","status":"publish","type":"post","link":"https:\/\/www.actualidadadiario.com\/index.php\/2020\/12\/22\/la-union-europea-se-reune-de-urgencia-por-la-nueva-cepa-del-coronavirus-del-reino-unido\/","title":{"rendered":"La Uni\u00f3n Europea se re\u00fane de urgencia por la nueva cepa del coronavirus del Reino Unido"},"content":{"rendered":"<p style=\"text-align: center;\"><em><strong>Ante lo que se anuncia como unas fiestas navide\u00f1as de pesadilla por las restricciones, el objetivo de la reuni\u00f3n de la UE es &#8220;una reapertura de fronteras coordinada&#8221;, dijo una fuente diplom\u00e1tica europea<\/strong><\/em><\/p>\n<p>&nbsp;<\/p>\n<p>&nbsp;<\/p>\n<p>Representantes de los pa\u00edses de la UE tienen previsto reunirse para acordar medidas unificadas para impedir que se propague la variante de coronavirus detectada en Reino Unido, que lo dej\u00f3 pr\u00e1cticamente aislado del mundo y en peligro de desabastecimiento.<\/p>\n<p>Ante lo que se anuncia como unas fiestas navide\u00f1as de pesadilla por las restricciones, el objetivo de la reuni\u00f3n de la UE es &#8220;una reapertura de fronteras coordinada&#8221;, dijo una fuente diplom\u00e1tica europea.<\/p>\n<p>La fuente agreg\u00f3 que lo que se busca es permitir los &#8220;regresos puntuales&#8221; de viajeros y camioneros bloqueados por las medidas adoptadas abruptamente desde el fin de semana, inform\u00f3 la agencia de noticias AFP.<\/p>\n<p>Una treintena de pa\u00edses, desde India hasta Argentina, Paraguay o Guatemala, suspendieron los vuelos desde el Reino Unido. Y pa\u00edses como Francia tambi\u00e9n cerraron sus fronteras al comercio desde la isla.<\/p>\n<p>La medida ha provocado un caos total en los puertos del sureste de Inglaterra, en particular en Dover, principal punto de salida del comercio brit\u00e1nico.<\/p>\n<p>Mientras, crece la preocupaci\u00f3n sobre el abastecimiento de productos frescos, como frutas y verduras, en plena Navidad y a escasos d\u00edas de que se consume la salida oficial del Reino Unido del mercado \u00fanico europeo, el 31 de diciembre.<\/p>\n<p>Sin embargo, el primer ministro brit\u00e1nico Boris Johnson asegur\u00f3 el lunes que esas medidas no alterar\u00edan las cadenas de suministro de Reino Unido, que calific\u00f3 de &#8220;s\u00f3lidas y robustas&#8221;.<\/p>\n","protected":false},"excerpt":{"rendered":"<p>Ante lo que se anuncia como unas fiestas navide\u00f1as de pesadilla por las restricciones, el objetivo de la reuni\u00f3n de la UE es &#8220;una reapertura de fronteras coordinada&#8221;, dijo una fuente diplom\u00e1tica europea &nbsp; &nbsp; Representantes de los pa\u00edses de la UE tienen previsto reunirse para acordar medidas unificadas para impedir que se propague la variante de coronavirus detectada en Reino Unido, que lo dej\u00f3 pr\u00e1cticamente aislado del mundo y en peligro de desabastecimiento. Ante lo que se anuncia como unas fiestas navide\u00f1as de pesadilla por las restricciones, el objetivo&#8230;<\/p>\n","protected":false},"author":3,"featured_media":70126,"comment_status":"closed","ping_status":"closed","sticky":false,"template":"","format":"standard","meta":[],"categories":[4],"tags":[],"_links":{"self":[{"href":"https:\/\/www.actualidadadiario.com\/index.php\/wp-json\/wp\/v2\/posts\/70125"}],"collection":[{"href":"https:\/\/www.actualidadadiario.com\/index.php\/wp-json\/wp\/v2\/posts"}],"about":[{"href":"https:\/\/www.actualidadadiario.com\/index.php\/wp-json\/wp\/v2\/types\/post"}],"author":[{"embeddable":true,"href":"https:\/\/www.actualidadadiario.com\/index.php\/wp-json\/wp\/v2\/users\/3"}],"replies":[{"embeddable":true,"href":"https:\/\/www.actualidadadiario.com\/index.php\/wp-json\/wp\/v2\/comments?post=70125"}],"version-history":[{"count":1,"href":"https:\/\/www.actualidadadiario.com\/index.php\/wp-json\/wp\/v2\/posts\/70125\/revisions"}],"predecessor-version":[{"id":70127,"href":"https:\/\/www.actualidadadiario.com\/index.php\/wp-json\/wp\/v2\/posts\/70125\/revisions\/70127"}],"wp:featuredmedia":[{"embeddable":true,"href":"https:\/\/www.actualidadadiario.com\/index.php\/wp-json\/wp\/v2\/media\/70126"}],"wp:attachment":[{"href":"https:\/\/www.actualidadadiario.com\/index.php\/wp-json\/wp\/v2\/media?parent=70125"}],"wp:term":[{"taxonomy":"category","embeddable":true,"href":"https:\/\/www.actualidadadiario.com\/index.php\/wp-json\/wp\/v2\/categories?post=70125"},{"taxonomy":"post_tag","embeddable":true,"href":"https:\/\/www.actualidadadiario.com\/index.php\/wp-json\/wp\/v2\/tags?post=70125"}],"curies":[{"name":"wp","href":"https:\/\/api.w.org\/{rel}","templated":true}]}}