{"id":70123,"date":"2020-12-22T12:49:56","date_gmt":"2020-12-22T15:49:56","guid":{"rendered":"https:\/\/www.actualidadadiario.com\/?p=70123"},"modified":"2020-12-22T12:49:56","modified_gmt":"2020-12-22T15:49:56","slug":"todesca-sobre-los-dichos-de-cristina-es-lo-que-hay-que-hacer","status":"publish","type":"post","link":"https:\/\/www.actualidadadiario.com\/index.php\/2020\/12\/22\/todesca-sobre-los-dichos-de-cristina-es-lo-que-hay-que-hacer\/","title":{"rendered":"Todesca sobre los dichos de Cristina: &#8220;Es lo que hay que hacer&#8221;"},"content":{"rendered":"<p style=\"text-align: center;\"><em><strong>&#8220;Para quienes estamos dentro de este espacio pol\u00edtico, cuya conducci\u00f3n es de Alberto y Cristina Fern\u00e1ndez, esto es un mensaje: p\u00f3nganse a laburar, no hay pretextos, los temas no son f\u00e1ciles&#8221;, afirm\u00f3 Cecilia Todesca<\/strong><\/em><\/p>\n<p>&nbsp;<\/p>\n<p>&nbsp;<\/p>\n<p>&nbsp;<\/p>\n<p>&#8220;Por eso le digo a todas y todos, todos aquellos que tengan miedo o que no se animen, por favor, hay otras ocupaciones adem\u00e1s de ser ministro o legislador, vayan a buscar otro laburo. Pero necesitamos gente que los sillones que ocupe sea para defender definitivamente lo intereses de Pueblo&#8221;. La frase de Cristina Fern\u00e1ndez de Kirchner el fin de semana sigue teniendo eco dentro del Gobierno.<\/p>\n<p>Quien habl\u00f3 sobre la declaraci\u00f3n de la vicepresidente fue Cecilia Todesca, vicejefa de Gabinete de la Naci\u00f3n, quien en declaraciones radiales afirm\u00f3: &#8220;Para quienes estamos dentro de este espacio pol\u00edtico, cuya conducci\u00f3n es de Alberto y Cristina Fern\u00e1ndez, esto es un mensaje: p\u00f3nganse a laburar, no hay pretextos, los temas no son f\u00e1ciles&#8221;.<\/p>\n<p>&#8220;Creo que la vicepresidenta es una mujer que tiene mucha experiencia de gesti\u00f3n y manejo pol\u00edtico; lo que marca es algo que yo comparto: que la agenda que tenemos por delante tiene muchos temas y que ninguno de ellos es sencillo, por lo que todos los que somos funcionarios y funcionarias vamos a tener que tomar decisiones y avanzar&#8221;, dijo Todesca. Y luego agreg\u00f3: &#8220;Me consta que este Gabinete ha trabajado a destajo, desde el comienzo de la gesti\u00f3n y luego con la pandemia (&#8230;) La cantidad de medidas que se tomaron en la pandemia son producto del trabajo de este equipo&#8221;.<\/p>\n<p>Volviendo sobre los dichos de la expresidente y actual vice, Todesca dijo en declaraciones a radio Metro: &#8220;Yo tomo las palabras de Cristina como una indicaci\u00f3n a futuro (&#8230;) Cristina tiene un tono, hay gente a la que le gusta y gente a la que no, pero lo que ella dice es fundamentalmente cierto&#8221;.<\/p>\n<p>Ayer, en lo que fue un respaldo a su gabinete, el presidente Alberto Fern\u00e1ndez reivindic\u00f3 el &#8220;coraje&#8221; demostrado por &#8220;cada ministro, cada funcionario y cada empleado&#8221; que trabaj\u00f3 a su lado, al igual que gobernadores e intendentes, para hacer frente a la crisis causada por la pandemia de coronavirus y llam\u00f3 a todos a sumarse a la &#8220;reconstrucci\u00f3n&#8221; del pa\u00eds.<\/p>\n","protected":false},"excerpt":{"rendered":"<p>&#8220;Para quienes estamos dentro de este espacio pol\u00edtico, cuya conducci\u00f3n es de Alberto y Cristina Fern\u00e1ndez, esto es un mensaje: p\u00f3nganse a laburar, no hay pretextos, los temas no son f\u00e1ciles&#8221;, afirm\u00f3 Cecilia Todesca &nbsp; &nbsp; &nbsp; &#8220;Por eso le digo a todas y todos, todos aquellos que tengan miedo o que no se animen, por favor, hay otras ocupaciones adem\u00e1s de ser ministro o legislador, vayan a buscar otro laburo. Pero necesitamos gente que los sillones que ocupe sea para defender definitivamente lo intereses de Pueblo&#8221;. La frase de&#8230;<\/p>\n","protected":false},"author":3,"featured_media":67455,"comment_status":"closed","ping_status":"closed","sticky":false,"template":"","format":"standard","meta":[],"categories":[18],"tags":[],"_links":{"self":[{"href":"https:\/\/www.actualidadadiario.com\/index.php\/wp-json\/wp\/v2\/posts\/70123"}],"collection":[{"href":"https:\/\/www.actualidadadiario.com\/index.php\/wp-json\/wp\/v2\/posts"}],"about":[{"href":"https:\/\/www.actualidadadiario.com\/index.php\/wp-json\/wp\/v2\/types\/post"}],"author":[{"embeddable":true,"href":"https:\/\/www.actualidadadiario.com\/index.php\/wp-json\/wp\/v2\/users\/3"}],"replies":[{"embeddable":true,"href":"https:\/\/www.actualidadadiario.com\/index.php\/wp-json\/wp\/v2\/comments?post=70123"}],"version-history":[{"count":1,"href":"https:\/\/www.actualidadadiario.com\/index.php\/wp-json\/wp\/v2\/posts\/70123\/revisions"}],"predecessor-version":[{"id":70124,"href":"https:\/\/www.actualidadadiario.com\/index.php\/wp-json\/wp\/v2\/posts\/70123\/revisions\/70124"}],"wp:featuredmedia":[{"embeddable":true,"href":"https:\/\/www.actualidadadiario.com\/index.php\/wp-json\/wp\/v2\/media\/67455"}],"wp:attachment":[{"href":"https:\/\/www.actualidadadiario.com\/index.php\/wp-json\/wp\/v2\/media?parent=70123"}],"wp:term":[{"taxonomy":"category","embeddable":true,"href":"https:\/\/www.actualidadadiario.com\/index.php\/wp-json\/wp\/v2\/categories?post=70123"},{"taxonomy":"post_tag","embeddable":true,"href":"https:\/\/www.actualidadadiario.com\/index.php\/wp-json\/wp\/v2\/tags?post=70123"}],"curies":[{"name":"wp","href":"https:\/\/api.w.org\/{rel}","templated":true}]}}