{"id":70120,"date":"2020-12-22T12:48:30","date_gmt":"2020-12-22T15:48:30","guid":{"rendered":"https:\/\/www.actualidadadiario.com\/?p=70120"},"modified":"2020-12-22T12:48:30","modified_gmt":"2020-12-22T15:48:30","slug":"coronavirus-aceleran-un-acuerdo-con-pfizer-y-esperan-15-millones-de-vacunas-entre-enero-y-marzo","status":"publish","type":"post","link":"https:\/\/www.actualidadadiario.com\/index.php\/2020\/12\/22\/coronavirus-aceleran-un-acuerdo-con-pfizer-y-esperan-15-millones-de-vacunas-entre-enero-y-marzo\/","title":{"rendered":"Coronavirus: aceleran un acuerdo con Pfizer y esperan 1,5 millones de vacunas entre enero y marzo"},"content":{"rendered":"<p style=\"text-align: center;\"><em><strong>Ayer la secretaria de Legal y T\u00e9cnica, Vilma Ibarra, se reuni\u00f3 con representantes del laboratorio que comercializa el desarrollo que m\u00e1s se est\u00e1 probando en el mundo contra el coronavirus. El Gobierno conf\u00eda en reactivarlas<\/strong><\/em><\/p>\n<p>&nbsp;<\/p>\n<p>&nbsp;<\/p>\n<p>Ante un crecimiento importante de casos en los \u00faltimos d\u00edas, sumado a la proximidad de una segunda ola de contagios a partir de marzo que se vislumbra, el Gobierno acelera los tr\u00e1mites para incorporar en el corto plazo la vacuna de Pfizer.<\/p>\n<p>Luego de desencuentros con el laboratorio estadounidense por la distribuci\u00f3n de las dosis, que se hicieron p\u00fablicos la semana pasada en una conferencia de prensa que brind\u00f3 el ministro dde Salud Gin\u00e9s Gonz\u00e1lez Garc\u00eda, desde el Ejecutivo confirmaron que se reactiv\u00f3 el di\u00e1logo con Pfizer, a fin de sumar 1.500.000 vacunas al pa\u00eds entre enero y marzo.<\/p>\n<p>Los acercamientos se dieron en la tarde de ayer, luego de un encuentro que mantuvieron en casa Rosada la secretaria de Legal y T\u00e9cnica Vilma Ibarra y representantes de la empresa.<\/p>\n<p>La expectativa es poder llegar a un acuerdo en el mediano plazo para as\u00ed poder empezar a vacunar con el principal desarrollo que se est\u00e1 probando en el mundo, entre enero y marzo, a la par de Sputnik V, la vacuna rusa que antes de fin de a\u00f1o llegar\u00e1 al pa\u00eds.<\/p>\n","protected":false},"excerpt":{"rendered":"<p>Ayer la secretaria de Legal y T\u00e9cnica, Vilma Ibarra, se reuni\u00f3 con representantes del laboratorio que comercializa el desarrollo que m\u00e1s se est\u00e1 probando en el mundo contra el coronavirus. El Gobierno conf\u00eda en reactivarlas &nbsp; &nbsp; Ante un crecimiento importante de casos en los \u00faltimos d\u00edas, sumado a la proximidad de una segunda ola de contagios a partir de marzo que se vislumbra, el Gobierno acelera los tr\u00e1mites para incorporar en el corto plazo la vacuna de Pfizer. Luego de desencuentros con el laboratorio estadounidense por la distribuci\u00f3n de&#8230;<\/p>\n","protected":false},"author":3,"featured_media":70121,"comment_status":"closed","ping_status":"closed","sticky":false,"template":"","format":"standard","meta":[],"categories":[18],"tags":[],"_links":{"self":[{"href":"https:\/\/www.actualidadadiario.com\/index.php\/wp-json\/wp\/v2\/posts\/70120"}],"collection":[{"href":"https:\/\/www.actualidadadiario.com\/index.php\/wp-json\/wp\/v2\/posts"}],"about":[{"href":"https:\/\/www.actualidadadiario.com\/index.php\/wp-json\/wp\/v2\/types\/post"}],"author":[{"embeddable":true,"href":"https:\/\/www.actualidadadiario.com\/index.php\/wp-json\/wp\/v2\/users\/3"}],"replies":[{"embeddable":true,"href":"https:\/\/www.actualidadadiario.com\/index.php\/wp-json\/wp\/v2\/comments?post=70120"}],"version-history":[{"count":1,"href":"https:\/\/www.actualidadadiario.com\/index.php\/wp-json\/wp\/v2\/posts\/70120\/revisions"}],"predecessor-version":[{"id":70122,"href":"https:\/\/www.actualidadadiario.com\/index.php\/wp-json\/wp\/v2\/posts\/70120\/revisions\/70122"}],"wp:featuredmedia":[{"embeddable":true,"href":"https:\/\/www.actualidadadiario.com\/index.php\/wp-json\/wp\/v2\/media\/70121"}],"wp:attachment":[{"href":"https:\/\/www.actualidadadiario.com\/index.php\/wp-json\/wp\/v2\/media?parent=70120"}],"wp:term":[{"taxonomy":"category","embeddable":true,"href":"https:\/\/www.actualidadadiario.com\/index.php\/wp-json\/wp\/v2\/categories?post=70120"},{"taxonomy":"post_tag","embeddable":true,"href":"https:\/\/www.actualidadadiario.com\/index.php\/wp-json\/wp\/v2\/tags?post=70120"}],"curies":[{"name":"wp","href":"https:\/\/api.w.org\/{rel}","templated":true}]}}