{"id":70114,"date":"2020-12-22T12:46:58","date_gmt":"2020-12-22T15:46:58","guid":{"rendered":"https:\/\/www.actualidadadiario.com\/?p=70114"},"modified":"2020-12-22T12:46:58","modified_gmt":"2020-12-22T15:46:58","slug":"tramposo-saludo-navideno-de-los-obispos","status":"publish","type":"post","link":"https:\/\/www.actualidadadiario.com\/index.php\/2020\/12\/22\/tramposo-saludo-navideno-de-los-obispos\/","title":{"rendered":"Tramposo saludo navide\u00f1o de los obispos"},"content":{"rendered":"<p style=\"text-align: center;\"><em><strong>La jerarqu\u00eda eclesi\u00e1stica ratific\u00f3 su oposici\u00f3n a la sanci\u00f3n de la ley de Interrupci\u00f3n Voluntaria del Embarazo (IVE) y hace una dura cr\u00edtica a la dirigencia pol\u00edtica que la impulsa. \u201cEs un golpe a la esperanza\u201d, afirm\u00f3<\/strong><\/em><\/p>\n<p>&nbsp;<\/p>\n<p>&nbsp;<\/p>\n<p>Con el saludo navide\u00f1o como pretexto, los obispos cat\u00f3licos reafirmaron su decidida oposici\u00f3n a la iniciativa oficial de Interrupci\u00f3n Voluntaria del Embarazo (IVE) y, en un documento que lleva la firma de la Comisi\u00f3n Permanente del Episcopado, afirman que \u201cla opci\u00f3n pol\u00edtica pas\u00f3 a ser una incompresible urgencia, una febril obsesi\u00f3n por instaurar el aborto en la Argentina, como si tuviera algo que ver con los padecimientos, los temores y las preocupaciones de la mayor parte de los argentinos\u201d.<\/p>\n<p>El documento lleva por t\u00edtulo \u201c\u00bfPor qu\u00e9 no renovar la esperanza?\u201d y fue acordado en el marco de la reuni\u00f3n remota de la Comisi\u00f3n Permanente que se celebr\u00f3 la semana anterior. All\u00ed los obispos afirman &#8211;en directa relaci\u00f3n con el tema del aborto&#8211; que \u201cen las \u00faltimas semanas el panorama se ha ennegrecido\u201d por la se\u00f1alada \u201curgencia\u201d en lograr la aprobaci\u00f3n legislativa de la despenalizaci\u00f3n, advirtiendo a su vez que \u201cotra cosa ser\u00eda defender los derechos humanos de los d\u00e9biles de tal manera que no se los neguemos aunque no hayan nacido\u201d.<\/p>\n<p>Si bien la voluntad de emitir el pronunciamiento hab\u00eda trascendido desde semanas atr\u00e1s, los obispos prefirieron postergar la difusi\u00f3n del documento a la espera del avance legislativo del proyecto de legalizaci\u00f3n del aborto y hasta consensuar internamente el tono de la declaraci\u00f3n que se difundi\u00f3 ahora cuando todo indica que el Senado tratar\u00e1 la sanci\u00f3n de la ley el pr\u00f3ximo 29 de diciembre. El documento episcopal se suma a una serie de \u201cacciones pastorales\u201d que consistir\u00e1n en actos lit\u00fargicos y jornadas de oraci\u00f3n encabezadas por los obispos que se iniciar\u00e1n el pr\u00f3ximo 26 de diciembre con una misa concelebrada en la bas\u00edlica de Luj\u00e1n y que ser\u00e1 presidida por la Comisi\u00f3n Ejecutiva en pleno encabezada por el presidente de la Conferencia Episcopal, Oscar Ojea, obispo de San Isidro.<\/p>\n<p>\u201cPara quienes esperan empezar un a\u00f1o mejor, esta agenda legislativa no les trae esperanzas\u201d, afirman los obispos. Y subrayan que \u201chay miles de cuestiones sanitarias y sociales a resolver que requieren toda nuestra atenci\u00f3n: desde los problemas de la vacunaci\u00f3n hasta la cantidad de personas muy enfermas que este a\u00f1o no han recibido adecuada atenci\u00f3n m\u00e9dica, pasando por las mujeres que sufren violencia o no tienen un trabajo digno\u201d, Sin embargo, remarcan, \u201clo que se les ofrece en este momento duro e incierto es el aborto, y eso es un golpe a la esperanza\u201d.<\/p>\n<p>En otro p\u00e1rrafo del documento de dos p\u00e1ginas, la Comisi\u00f3n Permanente dice que \u201cesta Navidad nos encuentra en un momento hist\u00f3rico donde necesitamos una ardua reconstrucci\u00f3n: de las fuentes de trabajo, de la educaci\u00f3n, de las instituciones, de los lazos fraternos\u201d, porque \u201cmuchas cosas se han roto y necesitan ser sanadas\u201d y \u201ces momento de agradecer al pueblo argentino su paciencia, su cooperaci\u00f3n, su resistencia\u201d.<\/p>\n<p>Los obispos se\u00f1alan que \u201cen un a\u00f1o dif\u00edcil como el que vamos terminando, queremos ayudar a fortalecer la esperanza\u201d y \u201cesta fiesta (de Navidad) tambi\u00e9n nos hace pensar en la dignidad de cada vida, nos recuerda cu\u00e1nto vale un ser humano\u201d. Recuerda tambi\u00e9n la jerarqu\u00eda eclesi\u00e1stica que \u201cel Papa Francisco quiso insistirnos en este punto en su \u00faltima enc\u00edclica, de modo que la pandemia no nos deje iguales sino que nos vuelva m\u00e1s apasionados para defender toda vida: la vida de un anciano, de un discapacitado, de un enfermo, de un ni\u00f1o por nacer\u201d.<\/p>\n<p>En el documento emitido con motivo de la Navidad los obispos se\u00f1alan que \u201ceste tiempo se convierte en un fuerte llamado a la solidaridad, al cuidado mutuo, a ser capaces de ponernos al hombro las penas de los dem\u00e1s\u201d. Y parafraseando al papa Francisco en su reciente enc\u00edclica Fratelli tutti recuerdan que para el pont\u00edfice solidaridad es \u201cpensar y actuar en t\u00e9rminos de comunidad\u201d y tambi\u00e9n \u201ces luchar contra las causas estructurales de la pobreza, la desigualdad, la falta de trabajo, de tierra y de vivienda, la negaci\u00f3n de los derechos sociales y laborales\u201d porque \u201centendida en su sentido m\u00e1s hondo, es un modo de hacer historia\u201d.<\/p>\n<p>En la misma l\u00ednea, los obispos cat\u00f3licos piden que \u201cla pandemia no nos impida imaginar y so\u00f1ar un pa\u00eds m\u00e1s humano y fraterno\u201d porque \u201cuna sociedad de hermanos acompa\u00f1a a todos\u201d y, citando nuevamente a Francisco, \u201cpara que puedan dar lo mejor de s\u00ed, aunque su rendimiento no sea el mejor, aunque vayan lento, aunque su eficiencia sea poco destacada\u201d y \u201ccuando se convierte en solidaridad, la fraternidad es m\u00e1s que una idea rom\u00e1ntica\u201d insisten.<\/p>\n<p>M\u00e1s all\u00e1 de estas consideraciones, los obispos finalizan su mensaje navide\u00f1o diciendo que \u201cno obstante, confiamos en el bien que habita en el pueblo, en esa tierra f\u00e9rtil que son los corazones de los argentinos, capaces de elegir la vida y la fraternidad m\u00e1s all\u00e1 de todo. Y los creyentes confiamos en Dios, fuente infinita de esperanza, porque \u00e9l nos dice: \u201cMe invocar\u00e1, y yo le responder\u00e9. Con \u00e9l estar\u00e9 en la angustia y lo librar\u00e9\u201d (Sal 91:15)\u201d. Por ese motivo, agregan, \u201cconfiando en ese amor seguimos caminando, porque, como nos dice Francisco, \u2018la esperanza es audaz, sabe mirar m\u00e1s all\u00e1 de la comodidad personal, de las peque\u00f1as seguridades y compensaciones que estrechan el horizonte, para abrirse a grandes ideales que hacen la vida m\u00e1s bella y digna. Caminemos en esperanza\u2019\u201d.<\/p>\n","protected":false},"excerpt":{"rendered":"<p>La jerarqu\u00eda eclesi\u00e1stica ratific\u00f3 su oposici\u00f3n a la sanci\u00f3n de la ley de Interrupci\u00f3n Voluntaria del Embarazo (IVE) y hace una dura cr\u00edtica a la dirigencia pol\u00edtica que la impulsa. \u201cEs un golpe a la esperanza\u201d, afirm\u00f3 &nbsp; &nbsp; Con el saludo navide\u00f1o como pretexto, los obispos cat\u00f3licos reafirmaron su decidida oposici\u00f3n a la iniciativa oficial de Interrupci\u00f3n Voluntaria del Embarazo (IVE) y, en un documento que lleva la firma de la Comisi\u00f3n Permanente del Episcopado, afirman que \u201cla opci\u00f3n pol\u00edtica pas\u00f3 a ser una incompresible urgencia, una febril obsesi\u00f3n&#8230;<\/p>\n","protected":false},"author":3,"featured_media":70115,"comment_status":"closed","ping_status":"closed","sticky":false,"template":"","format":"standard","meta":[],"categories":[18],"tags":[],"_links":{"self":[{"href":"https:\/\/www.actualidadadiario.com\/index.php\/wp-json\/wp\/v2\/posts\/70114"}],"collection":[{"href":"https:\/\/www.actualidadadiario.com\/index.php\/wp-json\/wp\/v2\/posts"}],"about":[{"href":"https:\/\/www.actualidadadiario.com\/index.php\/wp-json\/wp\/v2\/types\/post"}],"author":[{"embeddable":true,"href":"https:\/\/www.actualidadadiario.com\/index.php\/wp-json\/wp\/v2\/users\/3"}],"replies":[{"embeddable":true,"href":"https:\/\/www.actualidadadiario.com\/index.php\/wp-json\/wp\/v2\/comments?post=70114"}],"version-history":[{"count":1,"href":"https:\/\/www.actualidadadiario.com\/index.php\/wp-json\/wp\/v2\/posts\/70114\/revisions"}],"predecessor-version":[{"id":70116,"href":"https:\/\/www.actualidadadiario.com\/index.php\/wp-json\/wp\/v2\/posts\/70114\/revisions\/70116"}],"wp:featuredmedia":[{"embeddable":true,"href":"https:\/\/www.actualidadadiario.com\/index.php\/wp-json\/wp\/v2\/media\/70115"}],"wp:attachment":[{"href":"https:\/\/www.actualidadadiario.com\/index.php\/wp-json\/wp\/v2\/media?parent=70114"}],"wp:term":[{"taxonomy":"category","embeddable":true,"href":"https:\/\/www.actualidadadiario.com\/index.php\/wp-json\/wp\/v2\/categories?post=70114"},{"taxonomy":"post_tag","embeddable":true,"href":"https:\/\/www.actualidadadiario.com\/index.php\/wp-json\/wp\/v2\/tags?post=70114"}],"curies":[{"name":"wp","href":"https:\/\/api.w.org\/{rel}","templated":true}]}}