{"id":70111,"date":"2020-12-22T12:46:07","date_gmt":"2020-12-22T15:46:07","guid":{"rendered":"https:\/\/www.actualidadadiario.com\/?p=70111"},"modified":"2020-12-22T12:46:07","modified_gmt":"2020-12-22T15:46:07","slug":"diputados-retoma-el-tratamiento-en-comisiones-del-proyecto-de-movilidad-jubilatoria","status":"publish","type":"post","link":"https:\/\/www.actualidadadiario.com\/index.php\/2020\/12\/22\/diputados-retoma-el-tratamiento-en-comisiones-del-proyecto-de-movilidad-jubilatoria\/","title":{"rendered":"Diputados retoma el tratamiento en comisiones del proyecto de movilidad jubilatoria"},"content":{"rendered":"<p style=\"text-align: center;\"><em><strong>Ser\u00e1 una nueva reuni\u00f3n informativa a desarrollarse bajo la modalidad de videoconferencia, tal como ocurri\u00f3 el lunes con las exposiciones del ministro de Trabajo, Claudio Moroni, y de la titular de la Anses, Fernanda Raverta<\/strong><\/em><\/p>\n<p>&nbsp;<\/p>\n<p>&nbsp;<\/p>\n<p>El plenario de comisiones de Previsi\u00f3n y de Presupuesto de la C\u00e1mara de Diputados retomar\u00e1 a las 10 el an\u00e1lisis del proyecto que modifica la f\u00f3rmula de movilidad jubilatoria con el debate interno entre los legisladores, que el mi\u00e9rcoles buscar\u00e1n dictaminar sobre la iniciativa.<\/p>\n<p>Ser\u00e1 una nueva reuni\u00f3n informativa a desarrollarse bajo la modalidad de videoconferencia, tal como ocurri\u00f3 el lunes con las exposiciones del ministro de Trabajo, Claudio Moroni, y de la titular de la Anses, Fernanda Raverta.<\/p>\n<p>El mi\u00e9rcoles a las 10, en cambio, los diputados que integran ambas comisiones se reunir\u00e1n en el recinto de sesiones para proceder a la firma presencial del dictamen, ya que la modalidad remota no se encuentra vigente para ese tr\u00e1mite.<\/p>\n<p>Tal como sucedi\u00f3 con el dictamen del proyecto sobre Interrupci\u00f3n Voluntaria del Embarazo, los diputados se reunir\u00e1n en el recinto para evitar hacerlo en una de las salas de comisiones, debido al riesgo sanitario que implica.<\/p>\n<p>Por eso, la idea de los diputados es que la jornada se extienda desde las 10 hasta las 16, como m\u00e1ximo, para posibilitar que aquellos que tengan que viajar para estar el mi\u00e9rcoles en Buenos Aires cuenten con el suficiente margen para trasladarse.<\/p>\n<p>El mi\u00e9rcoles se escuchar\u00e1n los argumentos de los diputados que no lleguen a exponer y, luego, se proceder\u00e1 a la firma presencial del dictamen, con el objetivo de llevarlo al plenario de la C\u00e1mara el martes 29 y convertirlo en ley.<\/p>\n<p>El Frente de Todos cuenta con las firmas para lograr el despacho de mayor\u00eda en la comisi\u00f3n de Presupuesto, donde suma 25 de sus 49 integrantes y conf\u00eda en lograr el acompa\u00f1amiento del representante del Frente de la Concordia Misionero.<\/p>\n<p>En un dictamen de minor\u00eda se expresar\u00e1 el rechazo de los 22 integrantes de Juntos por el Cambio y a\u00fan mantiene la inc\u00f3gnita el representante del peronismo cordob\u00e9s.<\/p>\n<p>En Previsi\u00f3n y Seguridad Social, los n\u00fameros est\u00e1n m\u00e1s ajustados, ya que el oficialismo no tiene mayor\u00eda asegurada: de los 31 miembros, el Frente de Todos cuenta con 15 y Juntos por el Cambio, con 14, en tanto la Izquierda y el mendocino Jos\u00e9 Ram\u00f3n, de unidad Federal, ocupan los otros dos lugares.<\/p>\n<p>El acompa\u00f1amiento de Ram\u00f3n le asegurar\u00eda al oficialismo el dictamen de mayor\u00eda, m\u00e1s all\u00e1 del anticipado rechazo de la Izquierda, que lo har\u00e1 con diferentes argumentos y dictamen que los que expone y firmar\u00e1 Juntos por el Cambio.<\/p>\n<p>Con esta previa, el Frente de Todos prev\u00e9 debatir el tema en una sesi\u00f3n especial que solicitar\u00eda para el martes 29.<\/p>\n<p>A los 117 votos propios, el oficialismo conf\u00eda en sumar seis del interbloque Unidad Federal para el Desarrollo; otros seis del Interbloque Federal y dos o tres m\u00e1s provenientes de bloques provinciales, con lo que totalizar\u00eda cerca de 132.<\/p>\n<p>Los rechazos hasta ahora suman a los 114 diputados de Juntos por el Cambio, a cinco del interbloque Federal, dos de la Izquierda y uno de Justicia Social tucumana: un total de 122.<\/p>\n<p>El oficialista Jos\u00e9 De Mendiguren y el macrista Eduardo C\u00e1ceres se encuentran de licencia y el presidente de la C\u00e1mara, Sergio Massa, s\u00f3lo vota en casos de empate.<\/p>\n","protected":false},"excerpt":{"rendered":"<p>Ser\u00e1 una nueva reuni\u00f3n informativa a desarrollarse bajo la modalidad de videoconferencia, tal como ocurri\u00f3 el lunes con las exposiciones del ministro de Trabajo, Claudio Moroni, y de la titular de la Anses, Fernanda Raverta &nbsp; &nbsp; El plenario de comisiones de Previsi\u00f3n y de Presupuesto de la C\u00e1mara de Diputados retomar\u00e1 a las 10 el an\u00e1lisis del proyecto que modifica la f\u00f3rmula de movilidad jubilatoria con el debate interno entre los legisladores, que el mi\u00e9rcoles buscar\u00e1n dictaminar sobre la iniciativa. Ser\u00e1 una nueva reuni\u00f3n informativa a desarrollarse bajo la&#8230;<\/p>\n","protected":false},"author":3,"featured_media":70112,"comment_status":"closed","ping_status":"closed","sticky":false,"template":"","format":"standard","meta":[],"categories":[18],"tags":[],"_links":{"self":[{"href":"https:\/\/www.actualidadadiario.com\/index.php\/wp-json\/wp\/v2\/posts\/70111"}],"collection":[{"href":"https:\/\/www.actualidadadiario.com\/index.php\/wp-json\/wp\/v2\/posts"}],"about":[{"href":"https:\/\/www.actualidadadiario.com\/index.php\/wp-json\/wp\/v2\/types\/post"}],"author":[{"embeddable":true,"href":"https:\/\/www.actualidadadiario.com\/index.php\/wp-json\/wp\/v2\/users\/3"}],"replies":[{"embeddable":true,"href":"https:\/\/www.actualidadadiario.com\/index.php\/wp-json\/wp\/v2\/comments?post=70111"}],"version-history":[{"count":1,"href":"https:\/\/www.actualidadadiario.com\/index.php\/wp-json\/wp\/v2\/posts\/70111\/revisions"}],"predecessor-version":[{"id":70113,"href":"https:\/\/www.actualidadadiario.com\/index.php\/wp-json\/wp\/v2\/posts\/70111\/revisions\/70113"}],"wp:featuredmedia":[{"embeddable":true,"href":"https:\/\/www.actualidadadiario.com\/index.php\/wp-json\/wp\/v2\/media\/70112"}],"wp:attachment":[{"href":"https:\/\/www.actualidadadiario.com\/index.php\/wp-json\/wp\/v2\/media?parent=70111"}],"wp:term":[{"taxonomy":"category","embeddable":true,"href":"https:\/\/www.actualidadadiario.com\/index.php\/wp-json\/wp\/v2\/categories?post=70111"},{"taxonomy":"post_tag","embeddable":true,"href":"https:\/\/www.actualidadadiario.com\/index.php\/wp-json\/wp\/v2\/tags?post=70111"}],"curies":[{"name":"wp","href":"https:\/\/api.w.org\/{rel}","templated":true}]}}