{"id":70108,"date":"2020-12-22T12:45:24","date_gmt":"2020-12-22T15:45:24","guid":{"rendered":"https:\/\/www.actualidadadiario.com\/?p=70108"},"modified":"2020-12-22T12:45:24","modified_gmt":"2020-12-22T15:45:24","slug":"cristina-sobre-la-pandemia-nadie-estaba-preparado-para-dejar-de-ver-a-seres-queridos","status":"publish","type":"post","link":"https:\/\/www.actualidadadiario.com\/index.php\/2020\/12\/22\/cristina-sobre-la-pandemia-nadie-estaba-preparado-para-dejar-de-ver-a-seres-queridos\/","title":{"rendered":"Cristina, sobre la pandemia: &#8220;Nadie estaba preparado para dejar de ver a seres queridos&#8221;"},"content":{"rendered":"<p style=\"text-align: center;\"><em><strong>La vicepresidenta envi\u00f3 un saludo grabado para la &#8220;Quinta Pe\u00f1a&#8221; del a\u00f1o del Instituto Patria, un encuentro virtual del que participaron artistas, dirigentes y militantes del Frente de Todos<\/strong><\/em><\/p>\n<p>&nbsp;<\/p>\n<p>&nbsp;<\/p>\n<p>La vicepresidenta Cristina Fern\u00e1ndez sostuvo que el peronismo est\u00e1 &#8220;acostumbrado a afrontar tareas dif\u00edciles&#8221;, como &#8220;persecuciones y hostigamientos&#8221;, pero resalt\u00f3 que &#8220;nadie estaba preparado para dejar de ver a sus seres queridos&#8221;, como sucedi\u00f3 a causa de la pandemia de coronavirus.<\/p>\n<p>En un mensaje enviado al Instituto Patria, y difundido por las redes sociales de esa instituci\u00f3n, la vicepresidenta expres\u00f3 que &#8220;los que han superado situaciones terribles y dram\u00e1ticas dicen que, cuanto m\u00e1s dif\u00edciles son las cosas se han afrontado, mejor es la manera para entrenarse y lograr un imposible&#8221;.<\/p>\n<p>Fern\u00e1ndez de Kirchner envi\u00f3 un saludo grabado para la &#8220;Quinta Pe\u00f1a&#8221; del a\u00f1o del Instituto Patria, un encuentro virtual realizado el domingo y del que participaron artistas, dirigentes y militantes del Frente de Todos.<\/p>\n<p>&#8220;Est\u00e1bamos acostumbrados a afrontar tareas dif\u00edciles, y tambi\u00e9n, por qu\u00e9 no decirlo, a sufrir persecuciones y hostigamientos&#8221;, expres\u00f3 la vicepresidenta, pero a\u00f1adi\u00f3 que, sin embargo, &#8220;nadie estaba preparado para dejar de ver a sus seres queridos, encerrarse y no poder caminar libremente por las calles y plazas&#8221;.<\/p>\n<p>&#8220;Y lo que es peor a\u00fan, no poder abrazarse, tomarse de la mano o darse un beso de bienvenida y despedida, como estamos tan acostumbrados los argentinos&#8221;, lament\u00f3 la expresidenta.<\/p>\n<p>Tras se\u00f1alar que el a\u00f1o fue &#8220;muy dif\u00edcil&#8221; a ra\u00edz del coronavirus, Fern\u00e1ndez de Kirchner envi\u00f3 a los participantes del encuentro su &#8220;cari\u00f1o y fuerza para enfrentar lo que viene&#8221;.<\/p>\n<p>De la pe\u00f1a virtual del Instituto Patria participaron el senador Oscar Parrilli y los ministros Trist\u00e1n Bauer y Jorge Ferraresi, de Cultura y Desarrollo Territorial, respectivamente, adem\u00e1s de la extitular de Cultura Teresa Parodi, entre otros.<\/p>\n","protected":false},"excerpt":{"rendered":"<p>La vicepresidenta envi\u00f3 un saludo grabado para la &#8220;Quinta Pe\u00f1a&#8221; del a\u00f1o del Instituto Patria, un encuentro virtual del que participaron artistas, dirigentes y militantes del Frente de Todos &nbsp; &nbsp; La vicepresidenta Cristina Fern\u00e1ndez sostuvo que el peronismo est\u00e1 &#8220;acostumbrado a afrontar tareas dif\u00edciles&#8221;, como &#8220;persecuciones y hostigamientos&#8221;, pero resalt\u00f3 que &#8220;nadie estaba preparado para dejar de ver a sus seres queridos&#8221;, como sucedi\u00f3 a causa de la pandemia de coronavirus. En un mensaje enviado al Instituto Patria, y difundido por las redes sociales de esa instituci\u00f3n, la vicepresidenta&#8230;<\/p>\n","protected":false},"author":3,"featured_media":70109,"comment_status":"closed","ping_status":"closed","sticky":false,"template":"","format":"standard","meta":[],"categories":[18],"tags":[],"_links":{"self":[{"href":"https:\/\/www.actualidadadiario.com\/index.php\/wp-json\/wp\/v2\/posts\/70108"}],"collection":[{"href":"https:\/\/www.actualidadadiario.com\/index.php\/wp-json\/wp\/v2\/posts"}],"about":[{"href":"https:\/\/www.actualidadadiario.com\/index.php\/wp-json\/wp\/v2\/types\/post"}],"author":[{"embeddable":true,"href":"https:\/\/www.actualidadadiario.com\/index.php\/wp-json\/wp\/v2\/users\/3"}],"replies":[{"embeddable":true,"href":"https:\/\/www.actualidadadiario.com\/index.php\/wp-json\/wp\/v2\/comments?post=70108"}],"version-history":[{"count":1,"href":"https:\/\/www.actualidadadiario.com\/index.php\/wp-json\/wp\/v2\/posts\/70108\/revisions"}],"predecessor-version":[{"id":70110,"href":"https:\/\/www.actualidadadiario.com\/index.php\/wp-json\/wp\/v2\/posts\/70108\/revisions\/70110"}],"wp:featuredmedia":[{"embeddable":true,"href":"https:\/\/www.actualidadadiario.com\/index.php\/wp-json\/wp\/v2\/media\/70109"}],"wp:attachment":[{"href":"https:\/\/www.actualidadadiario.com\/index.php\/wp-json\/wp\/v2\/media?parent=70108"}],"wp:term":[{"taxonomy":"category","embeddable":true,"href":"https:\/\/www.actualidadadiario.com\/index.php\/wp-json\/wp\/v2\/categories?post=70108"},{"taxonomy":"post_tag","embeddable":true,"href":"https:\/\/www.actualidadadiario.com\/index.php\/wp-json\/wp\/v2\/tags?post=70108"}],"curies":[{"name":"wp","href":"https:\/\/api.w.org\/{rel}","templated":true}]}}