{"id":70102,"date":"2020-12-22T12:44:02","date_gmt":"2020-12-22T15:44:02","guid":{"rendered":"https:\/\/www.actualidadadiario.com\/?p=70102"},"modified":"2020-12-22T12:44:02","modified_gmt":"2020-12-22T15:44:02","slug":"alberto-vamos-a-hacer-un-plan-muy-ambicioso-de-viviendas-dignas","status":"publish","type":"post","link":"https:\/\/www.actualidadadiario.com\/index.php\/2020\/12\/22\/alberto-vamos-a-hacer-un-plan-muy-ambicioso-de-viviendas-dignas\/","title":{"rendered":"Alberto: &#8220;Vamos a hacer un plan muy ambicioso de viviendas dignas&#8221;"},"content":{"rendered":"<p style=\"text-align: center;\"><em><strong>El Presidente encabez\u00f3 en R\u00edo Grande, Tierra del Fuego, la primera reuni\u00f3n de gabinete federal que puso en marcha el proyecto de Capitales Alternas y defendi\u00f3 el presupuesto contra el &#8220;des\u00e1nimo&#8221; de los ajustadores. &#8220;En lo \u00fanico que ajustamos es en dejar de pagarles intereses a los acreedores&#8221;, dijo<\/strong><\/em><\/p>\n<p>&nbsp;<\/p>\n<p>&nbsp;<\/p>\n<p>Alberto Fern\u00e1ndez encabez\u00f3 la primera reuni\u00f3n de Gabinete Federal en la ciudad fueguina de R\u00edo Grande, donde puso en marcha el proyecto de Capitales Alternas junto al gobernador provincial, Gustavo Melella. Durante el encuentro, en el que los miembros del Gabinete nacional anunciaron obras y suscribieron acuerdos con sus pares provinciales, el mandatario anunci\u00f3 la puesta en marcha de &#8220;un plan muy ambicioso de viviendas dignas&#8221;, que el flamante ministro de H\u00e1bitat\u00a0 Jorge Ferraresi hab\u00eda adelantado cuando lo precedi\u00f3 en el uso de la palabra: prometi\u00f3 250 mil soluciones habitacionales en los pr\u00f3ximos tres a\u00f1os.<\/p>\n<p>\u201cTierra del Fuego es la Argentina, y hay que hacerla crecer como a todo el pa\u00eds. Ese debe ser el compromiso de todos. Tierra del Fuego es un lugar \u00fanico para cualquier argentino porque es donde se termina Am\u00e9rica Latina y es donde el territorio se ampl\u00eda en la Ant\u00e1rtida, que es nuestra\u201d, explic\u00f3 el jefe de Estado, que no por nada eligi\u00f3 la provincia m\u00e1s austral de la Argentina para poner en marcha el Gabinete Federal\u00a0 y a\u00f1adi\u00f3: \u201cAsumimos el compromiso de campa\u00f1a de poner tantas capitales alternativas como provincias tiene la Argentina, y en Tierra del Fuego hacemos el primer encuentro de trabajo porque es un gran s\u00edmbolo\u201d para el pa\u00eds.<\/p>\n<p>&nbsp;<\/p>\n<p><strong>Casa Propia-Construir Futuro<\/strong><\/p>\n<p>El ministro de Desarrollo Territorial y H\u00e1bitat, Jorge Ferraresi, present\u00f3 el Plan \u201cCasa Propia \u2013 Construir Futuro\u201d, una pol\u00edtica de desarrollo territorial, urbano y habitacional de alcance federal\u00a0 con una perspectiva integral que busca mejorar las condiciones de acceso al h\u00e1bitat. El plan incluye 264 mil soluciones habitacionales con un enfoque integral que atienda a la diversidad de la demanda habitacional con perspectiva de g\u00e9nero, y viviendas para trabajadores y trabajadoras, adultos mayores y h\u00e1bitat rural. Ferraresi mantuvo una videoconferencia con los gobernadores de Chaco, La Pampa y Buenos Aires, cuyas provincias suscribieron los acuerdos para incorporarse a los distintos planes de viviendas del Gobierno nacional. \u201cLas viviendas tienen que ser dignas, generar posibilidades de crecer y arraigarse y tener una sustentabilidad en funci\u00f3n de donde uno trabaja\u201d, explic\u00f3 el ministro durante la comunicaci\u00f3n. Desde Chaco, Jorge Capitanich suscribi\u00f3 el acta Procrear para el inicio del desarrollo urban\u00edstico de Roque S\u00e1enz Pe\u00f1a que incluye 74 viviendas por una inversi\u00f3n de 293 millones de pesos, y firm\u00f3 la inclusi\u00f3n en el Plan Casa Propia-Construir Futuro por 120 mil viviendas.<\/p>\n<p>En tanto, el gobernador de Buenos Aires, Axel Kicillof, adhiri\u00f3 desde Mar del Plata al convenio para el Plan Nacional de Suelo para 12 municipios, por 2269 lotes, que demandar\u00e1 una inversi\u00f3n de m\u00e1s de 900 millones de pesos. Por \u00faltimo, el gobernador de La Pampa, Sergio Ziliotto, firm\u00f3 la adhesi\u00f3n al convenio Argentina Construye Solidaria por 28 millones de pesos.<\/p>\n<p>&nbsp;<\/p>\n<p><strong>Las Malvinas son argentinas<\/strong><\/p>\n<p>Sobre el hist\u00f3rico reclamo de la Argentina sobre las Islas Malvinas, el primer mandatario reflexion\u00f3: \u201cEsa tierra usurpada me duele tanto como a cada uno de ustedes, y valoro y quiero entra\u00f1ablemente a cada uno de los que lucharon por recuperar esa tierra\u201d, dijo el Presidente, acompa\u00f1ado por el jefe de Gabinete, Santiago Cafiero; los ministros del Interior, Eduardo de Pedro; Mujeres, G\u00e9neros y Diversidad, Elizabeth G\u00f3mez Alcorta; Desarrollo Productivo, Mat\u00edas Kulfas; Transporte, Mario Meoni; Obras P\u00fablicas, Gabriel Katopodis, y Desarrollo Territorial y H\u00e1bitat, Jorge Ferraresi.Tambi\u00e9n participaron los secretarios General de la Presidencia, Julio Vitobello, y de Comunicaci\u00f3n y Prensa, Juan Pablo Biondi; la directora ejecutiva de la ANSES, Fernanda Raverta; y el secretario de Energ\u00eda, Dar\u00edo Mart\u00ednez. Por parte de Tierra del Fuego estuvieron presentes la vicegobernadora, M\u00f3nica Urquiza; y los intendentes de R\u00edo Grande, Mart\u00edn P\u00e9rez; y Ushuaia, Walter Vuoto. Estuvieron presentes adem\u00e1s, mediante videoconferencia, los gobernadores de Chaco, Jorge Capitanich; La Pampa, Sergio Ziliotto; y Buenos Aires, Axel Kicillof; adem\u00e1s del CEO de la empresa Globant, Mart\u00edn Migoya, desde Espa\u00f1a; la directora nacional de Migraciones, Florencia Carignano, y el director nacional de Asuntos T\u00e9cnicos de Fronteras, Adri\u00e1n L\u00f3pez, desde el Centro de Frontera, San Sebasti\u00e1n.<\/p>\n<p>Al exponer, el gobernador Melella subray\u00f3 la disposici\u00f3n del Gabinete nacional \u201cen la cantidad de acciones de Gobierno y de obras que llegan a la provincia, que son important\u00edsimas para el plan de ampliaci\u00f3n de nuestra matriz productiva\u201d e indic\u00f3: \u201cTenemos el compromiso de seguir trabajando porque para nosotros empleo es igual a soberan\u00eda\u201d.<\/p>\n<p>El ministro del Interior, Eduardo de Pedro, en tanto, explic\u00f3 que los acuerdos firmados durante el Gabinete Federal demuestran la existencia de \u201cun gobierno federal, que genera igualdad y empleo genuino para todas y todos\u201d, y defini\u00f3: \u201cArgentina es uno de los pa\u00edses con m\u00e1s concentraci\u00f3n en el mundo, con m\u00e1s del 40 por ciento de la poblaci\u00f3n concentrada en el AMBA, pero nuestra fuerza pol\u00edtica tiene representantes y militantes en el resto del pa\u00eds que nos dicen y nos marcan que se puede tener una Argentina federal y multipolar donde cada econom\u00eda funcione\u201d. A su turno, el intendente de R\u00edo Grande, Mart\u00edn P\u00e9rez, expres\u00f3 que el proyecto de Capitales Alternas fue una \u201cdecisi\u00f3n pol\u00edtica y una promesa de campa\u00f1a cumplida\u201d, al tiempo que agradeci\u00f3 al Presidente por \u201cabrazar la causa Malvinas como la abraza todo el pueblo de la provincia\u201d.<\/p>\n<p>El titular de la cartera de Interior suscribi\u00f3 con el gobernador Melella un convenio marco de adhesi\u00f3n al Programa de Fortalecimiento de Gesti\u00f3n Provincial, por el cual otorga un Aporte No Reembolsable de 255 millones de pesos. El objetivo de esta medida, financiada con recursos del BID y de la Agencia Francesa de Desarrollo (AFD), es impulsar el plan fueguino de desarrollo territorial mediante la ampliaci\u00f3n, diversificaci\u00f3n y complejizaci\u00f3n de su matriz productiva. Adem\u00e1s, mediante una videoconferencia con el Centro de Fronteras San Sebasti\u00e1n, de Pedro anunci\u00f3 su puesta en funcionamiento por una inversi\u00f3n de m\u00e1s de 50 millones de pesos. El Centro, que tiene un movimiento migratorio anual de 411.126 personas y de 56.789 transportes de carga, contar\u00e1 con diez cabinas para el control migratorio, la Direcci\u00f3n General de Aduanas, el SENASA y la Gendarmer\u00eda Nacional; c\u00e1maras lectoras de patentes, y de seguridad de corto y largo alcance, y nuevas instalaciones administrativas.<\/p>\n<p>El secretario de Energ\u00eda, Dar\u00edo Mart\u00ednez, firm\u00f3 con la Provincia de Tierra del Fuego un acuerdo por el que la misma ser\u00e1 incorporada al fideicomiso del Gas Subsidiado GLP y como agente del Mercado El\u00e9ctrico Mayorista (MEM). De esta manera, si bien por razones de \u00edndole t\u00e9cnica la vinculaci\u00f3n f\u00edsica a\u00fan no se ha producido, el sistema fueguino va a contar con el mismo marco normativo que hoy en d\u00eda tienen los generadores y distribuidores del resto del pa\u00eds a trav\u00e9s del establecimiento de un precio estacional, la provisi\u00f3n de combustible y la remuneraci\u00f3n a los generadores. Por su parte, el ministro de Transporte, Mario Meoni, rubric\u00f3 con el Gobernador el convenio marco para la ampliaci\u00f3n del muelle comercial del puerto de la ciudad de Ushuaia.<\/p>\n<p>Al final de su discurso, Fern\u00e1ndez se pregunt\u00f3 d\u00f3nde encuentran el ajuste los profetas del des\u00e1nimo. Dijo que repasa el presupuesto 2021 y que crece el dinero destinado a Salud, Obra P\u00fablica, Educaci\u00f3n. &#8220;Lo \u00fanico que ajustamos fue en dejar de pagarles intereses a los acreedores\u00a0 la deuda que tom\u00f3 el gobierno anterior&#8221;, dijo.<\/p>\n","protected":false},"excerpt":{"rendered":"<p>El Presidente encabez\u00f3 en R\u00edo Grande, Tierra del Fuego, la primera reuni\u00f3n de gabinete federal que puso en marcha el proyecto de Capitales Alternas y defendi\u00f3 el presupuesto contra el &#8220;des\u00e1nimo&#8221; de los ajustadores. &#8220;En lo \u00fanico que ajustamos es en dejar de pagarles intereses a los acreedores&#8221;, dijo &nbsp; &nbsp; Alberto Fern\u00e1ndez encabez\u00f3 la primera reuni\u00f3n de Gabinete Federal en la ciudad fueguina de R\u00edo Grande, donde puso en marcha el proyecto de Capitales Alternas junto al gobernador provincial, Gustavo Melella. Durante el encuentro, en el que los miembros&#8230;<\/p>\n","protected":false},"author":3,"featured_media":70103,"comment_status":"closed","ping_status":"closed","sticky":false,"template":"","format":"standard","meta":[],"categories":[9],"tags":[],"_links":{"self":[{"href":"https:\/\/www.actualidadadiario.com\/index.php\/wp-json\/wp\/v2\/posts\/70102"}],"collection":[{"href":"https:\/\/www.actualidadadiario.com\/index.php\/wp-json\/wp\/v2\/posts"}],"about":[{"href":"https:\/\/www.actualidadadiario.com\/index.php\/wp-json\/wp\/v2\/types\/post"}],"author":[{"embeddable":true,"href":"https:\/\/www.actualidadadiario.com\/index.php\/wp-json\/wp\/v2\/users\/3"}],"replies":[{"embeddable":true,"href":"https:\/\/www.actualidadadiario.com\/index.php\/wp-json\/wp\/v2\/comments?post=70102"}],"version-history":[{"count":1,"href":"https:\/\/www.actualidadadiario.com\/index.php\/wp-json\/wp\/v2\/posts\/70102\/revisions"}],"predecessor-version":[{"id":70104,"href":"https:\/\/www.actualidadadiario.com\/index.php\/wp-json\/wp\/v2\/posts\/70102\/revisions\/70104"}],"wp:featuredmedia":[{"embeddable":true,"href":"https:\/\/www.actualidadadiario.com\/index.php\/wp-json\/wp\/v2\/media\/70103"}],"wp:attachment":[{"href":"https:\/\/www.actualidadadiario.com\/index.php\/wp-json\/wp\/v2\/media?parent=70102"}],"wp:term":[{"taxonomy":"category","embeddable":true,"href":"https:\/\/www.actualidadadiario.com\/index.php\/wp-json\/wp\/v2\/categories?post=70102"},{"taxonomy":"post_tag","embeddable":true,"href":"https:\/\/www.actualidadadiario.com\/index.php\/wp-json\/wp\/v2\/tags?post=70102"}],"curies":[{"name":"wp","href":"https:\/\/api.w.org\/{rel}","templated":true}]}}