{"id":70100,"date":"2020-12-22T12:43:10","date_gmt":"2020-12-22T15:43:10","guid":{"rendered":"https:\/\/www.actualidadadiario.com\/?p=70100"},"modified":"2020-12-22T12:43:10","modified_gmt":"2020-12-22T15:43:10","slug":"potenciar-trabajo-hoy-se-paga-el-bono-de-fin-de-ano-de-9450","status":"publish","type":"post","link":"https:\/\/www.actualidadadiario.com\/index.php\/2020\/12\/22\/potenciar-trabajo-hoy-se-paga-el-bono-de-fin-de-ano-de-9450\/","title":{"rendered":"Potenciar Trabajo: hoy se paga el bono de fin de a\u00f1o de $ 9450"},"content":{"rendered":"<p style=\"text-align: center;\"><em><strong>Lo recibir\u00e1n unas 700 mil personas que percibir\u00e1n el plus en la cuenta que cada uno de ellos tiene en el Banco Naci\u00f3n, inform\u00f3 el Ministerio de Desarrollo Social<\/strong><\/em><\/p>\n<p>&nbsp;<\/p>\n<p>&nbsp;<\/p>\n<p>&nbsp;<\/p>\n<p>El Gobierno paga este martes 22 de diciembre el bono de fin de a\u00f1o de $ 9450 para los beneficiarios del plan Potenciar Trabajo que ofrece el Ministerio de Desarrollo Social.<\/p>\n<p>Se trata de un refuerzo para los 700.000 beneficiarios de este programa, que ofrece la cartera conducida por Daniel Arroyo a cambio de una prestaci\u00f3n laboral de cuatro horas diarias por semana por la mitad de un Salario M\u00ednimo, Vital y M\u00f3vil.<\/p>\n<p>La suma ser\u00e1 liquidada de manera autom\u00e1tica, por lo que todos los titulares de este plan social lo ver\u00e1n depositados en sus cuentas asignadas para el cobro mensual. El refuerzo implica una inversi\u00f3n superior a los $ 6500 millones, informaron de Desarrollo Social.<\/p>\n<p>&nbsp;<\/p>\n<p><strong>Qui\u00e9nes cobran el bono <\/strong><\/p>\n<p>El Potenciar Trabajo es el resultado de la unificaci\u00f3n de los planes Hacemos Futuro y Proyectos Productivos Comunitarios. Ambos ten\u00edan el fin, que trasladaron al nuevo plan, de &#8220;mejorar la empleabilidad y la generaci\u00f3n de nuevas propuestas productivas a trav\u00e9s de la terminalidad educativa, la formaci\u00f3n laboral y la certificaci\u00f3n de competencias para promover la inclusi\u00f3n social plena de aquellas personas que se encuentran en situaci\u00f3n de vulnerabilidad social y econ\u00f3mica&#8221;.<\/p>\n<p>Quienes ya fueron integrados a este plan cobraron el 5 de diciembre sus haberes y a ese monto se suma este refuerzo de $ 9450<\/p>\n<p>&nbsp;<\/p>\n<p><strong>Qui\u00e9nes pueden inscribirse al Potenciar Trabajo <\/strong><\/p>\n<ul>\n<li>Mayores de 18 a\u00f1os y menores de 64.<\/li>\n<li>Quienes cobren AUH y\/o Tarjeta Alimentaria<\/li>\n<li>Monotributistas sociales o de categor\u00eda A<\/li>\n<li>Trabajadores en relaci\u00f3n de dependencia bajo el r\u00e9gimen de Personal de Casas Particulares (empleada dom\u00e9stica) Propietarios de 1 solo inmueble (casa, departamento o terreno)<\/li>\n<\/ul>\n<p>&nbsp;<\/p>\n<p><strong>Qui\u00e9nes no pueden ingresar al Potenciar Trabajo <\/strong><\/p>\n<ul>\n<li>Trabajadores en blanco<\/li>\n<li>Pr\u00f3fugos de la Justicia (registro del Conarc)<\/li>\n<li>Propietarios de m\u00e1s de un inmueble<\/li>\n<li>Propietarios de un negocio registrado<\/li>\n<li>Quienes tengan otro programa provincial, municipal o nacional: por ejemplo, Progresar<\/li>\n<li>Propietarios de un autom\u00f3vil de menos de 10 a\u00f1os de antig\u00fcedad<\/li>\n<li>Quienes perciben jubilaci\u00f3n, pensiones a la vejez o invalidez, pensi\u00f3n universal del adulto mayor, pensi\u00f3n por incapacidad o subsidio de desempleo<\/li>\n<\/ul>\n<p>&nbsp;<\/p>\n<p><strong>C\u00f3mo anotarse <\/strong><\/p>\n<p>Para solicitar ser parte del programa, es necesario registrarse en el Renatep. Ser parte le permitir\u00e1 al inscripto acceder a programas como el Potenciar Trabajo u otros de Anses, poder participar de redes de comercializaci\u00f3n e incluso tener acceso a herramientas crediticias.<\/p>\n<p>Pueden inscribirse todos aquellos que realicen actividades en el marco de la econom\u00eda popular.<\/p>\n<p>Por ejemplo, est\u00e1 destinado a vendedores ambulantes, artesanos, cartoneros, recicladores, alba\u00f1iles, trabajadores de la construcci\u00f3n, peque\u00f1os agricultores, entre otros.<\/p>\n<p>&nbsp;<\/p>\n<p><strong>Para la inscripci\u00f3n, es necesario seguir los siguientes pasos: <\/strong><\/p>\n<ul>\n<li>Ingresar a <a href=\"http:\/\/www.argentina.gob.ar\/desarrollosocial\/\">www.argentina.gob.ar\/desarrollosocial\/<\/a><\/li>\n<li>En caso de cumplir con los requisitos all\u00ed descriptos, hacer click en el formulario de inscripci\u00f3n<\/li>\n<li>Formulario de inscripci\u00f3n: <a href=\"http:\/\/renatep.mds.gob.ar\/inscripcion\">http:\/\/renatep.mds.gob.ar\/inscripcion<\/a><\/li>\n<li>Cargar tipo y n\u00famero de Documento<\/li>\n<li>Completar datos personales<\/li>\n<li>Guardar los datos cargados<\/li>\n<li>Una vez que se genere el cartel &#8220;Se gener\u00f3 su preinscripci\u00f3n con \u00e9xito&#8221;<\/li>\n<li>Clickear en descargar comprobante para guardarlo<\/li>\n<\/ul>\n<p><strong>C\u00f3mo calcular la negatividad de ANSeS <\/strong><\/p>\n<p>A la hora de inscribirse en el Plan, mediante el Registro Nacional de Trabajadores y Trabajadoras de la Econom\u00eda Popular (Renatep).<\/p>\n<p>ANSeS solicita la Certificaci\u00f3n Negativa en la que se deja constancia si la persona cobra alg\u00fan plan social, si tiene aportes como trabajador en relaci\u00f3n de dependencia, monotributista o empleada dom\u00e9stica, entre otros.<\/p>\n<p>&nbsp;<\/p>\n<p><strong>C\u00f3mo saber si se ingres\u00f3 al plan <\/strong><\/p>\n<p>Por el momento, el Potenciar Trabajo re\u00fane a los beneficiarios de los planes Hacemos Futuro y Proyectos Productivos Comunitarios, en total unas 700.000 personas.<\/p>\n<p>Seg\u00fan trascendidos, el Gobierno espera sumar unos 300.000 beneficiarios m\u00e1s para el a\u00f1o pr\u00f3ximo. Los criterios de elegibilidad se dar\u00e1n a trav\u00e9s de los inscriptos en el Renatep, centr\u00e1ndose por ejemplo en v\u00edctimas de violencia de g\u00e9nero y otros sectores particularmente vulnerables.<\/p>\n","protected":false},"excerpt":{"rendered":"<p>Lo recibir\u00e1n unas 700 mil personas que percibir\u00e1n el plus en la cuenta que cada uno de ellos tiene en el Banco Naci\u00f3n, inform\u00f3 el Ministerio de Desarrollo Social &nbsp; &nbsp; &nbsp; El Gobierno paga este martes 22 de diciembre el bono de fin de a\u00f1o de $ 9450 para los beneficiarios del plan Potenciar Trabajo que ofrece el Ministerio de Desarrollo Social. Se trata de un refuerzo para los 700.000 beneficiarios de este programa, que ofrece la cartera conducida por Daniel Arroyo a cambio de una prestaci\u00f3n laboral de&#8230;<\/p>\n","protected":false},"author":3,"featured_media":53138,"comment_status":"closed","ping_status":"closed","sticky":false,"template":"","format":"standard","meta":[],"categories":[2],"tags":[],"_links":{"self":[{"href":"https:\/\/www.actualidadadiario.com\/index.php\/wp-json\/wp\/v2\/posts\/70100"}],"collection":[{"href":"https:\/\/www.actualidadadiario.com\/index.php\/wp-json\/wp\/v2\/posts"}],"about":[{"href":"https:\/\/www.actualidadadiario.com\/index.php\/wp-json\/wp\/v2\/types\/post"}],"author":[{"embeddable":true,"href":"https:\/\/www.actualidadadiario.com\/index.php\/wp-json\/wp\/v2\/users\/3"}],"replies":[{"embeddable":true,"href":"https:\/\/www.actualidadadiario.com\/index.php\/wp-json\/wp\/v2\/comments?post=70100"}],"version-history":[{"count":1,"href":"https:\/\/www.actualidadadiario.com\/index.php\/wp-json\/wp\/v2\/posts\/70100\/revisions"}],"predecessor-version":[{"id":70101,"href":"https:\/\/www.actualidadadiario.com\/index.php\/wp-json\/wp\/v2\/posts\/70100\/revisions\/70101"}],"wp:featuredmedia":[{"embeddable":true,"href":"https:\/\/www.actualidadadiario.com\/index.php\/wp-json\/wp\/v2\/media\/53138"}],"wp:attachment":[{"href":"https:\/\/www.actualidadadiario.com\/index.php\/wp-json\/wp\/v2\/media?parent=70100"}],"wp:term":[{"taxonomy":"category","embeddable":true,"href":"https:\/\/www.actualidadadiario.com\/index.php\/wp-json\/wp\/v2\/categories?post=70100"},{"taxonomy":"post_tag","embeddable":true,"href":"https:\/\/www.actualidadadiario.com\/index.php\/wp-json\/wp\/v2\/tags?post=70100"}],"curies":[{"name":"wp","href":"https:\/\/api.w.org\/{rel}","templated":true}]}}