{"id":70090,"date":"2020-12-22T12:40:13","date_gmt":"2020-12-22T15:40:13","guid":{"rendered":"https:\/\/www.actualidadadiario.com\/?p=70090"},"modified":"2020-12-22T12:40:13","modified_gmt":"2020-12-22T15:40:13","slug":"relanzaron-el-programa-raices-para-repatriar-cientificos-argentinos-que-trabajan-en-el-exterior","status":"publish","type":"post","link":"https:\/\/www.actualidadadiario.com\/index.php\/2020\/12\/22\/relanzaron-el-programa-raices-para-repatriar-cientificos-argentinos-que-trabajan-en-el-exterior\/","title":{"rendered":"Relanzaron el programa Ra\u00edces para repatriar cient\u00edficos argentinos que trabajan en el exterior"},"content":{"rendered":"<p style=\"text-align: center;\"><em><strong>El Programa Ra\u00edces funciona hace m\u00e1s de 15 a\u00f1os y tiene como prop\u00f3sito incentivar el retorno de los\/as investigadores\/as argentinos\/as que se encuentran residiendo en el exterior, sea para su relocalizaci\u00f3n en el pa\u00eds o para realizar estancias cortas de intercambio<\/strong><\/em><\/p>\n<p>&nbsp;<\/p>\n<p>&nbsp;<\/p>\n<p>El Ministerio de Ciencia y Tecnolog\u00eda relanz\u00f3 el programa Ra\u00edces que busca incentivar el retorno de investigadores residentes en el exterior, por el cual se logr\u00f3 el regreso de 1.300 cient\u00edficos hasta 2015, y es considerado por este Gobierno nacional como &#8220;emblem\u00e1tico&#8221;.<\/p>\n<p>El programa Ra\u00edces Red de Argentinos Investigadores y Cient\u00edficos en el Exterior (Ra\u00edces) &#8220;tiene muchas connotaciones, es emblem\u00e1tico. Tiene un componente simb\u00f3lico, es parte del imaginario colectivo para nuestro sector de ciencia y tecnolog\u00eda ya que su creaci\u00f3n signific\u00f3 un momento muy positivo para Argentina y dio la posibilidad a los profesionales de apostar a seguir su carrera en el pa\u00eds&#8221;, asegur\u00f3 el secretario de Planeamiento y Pol\u00edticas de la cartera, Diego Hurtado, en un encuentro virtual este mediod\u00eda.<\/p>\n<p>&#8220;Lo importante es pensar en este programa como un instrumento estrat\u00e9gico de pol\u00edticas para la ciencia y tecnolog\u00eda. La repatriaci\u00f3n fue un momento importante, ahora lo que queremos hacer supone dar un salto cualitativo en las capacidades del programa, que sea un activo fundamental para los pr\u00f3ximos a\u00f1os&#8221;, asever\u00f3.<\/p>\n<p>El programa tendr\u00e1 una nueva modalidad con mayor participaci\u00f3n de los cient\u00edficos argentinos radicados en el exterior y una simplificaci\u00f3n del acceso a los subsidios para repatriar a los que deseen regresar a la Argentina.<\/p>\n<p>Hurtado detall\u00f3 que &#8220;hasta 2015 se hab\u00eda logrado repatriar a m\u00e1s de 1.300 cient\u00edficos, y conectar a casi 300 investigadores que se encontraban residiendo en el exterior, mientras que en 2019 el Ministerio solo tramit\u00f3 tres retornos de cient\u00edficos&#8221;.<\/p>\n<p>En 2020, pese a la pandemia de coronavirus, se gestion\u00f3 el regreso de ocho cient\u00edficos, uno de los cu\u00e1les ya est\u00e1 reinstalado en Argentina, seis de ellos completar\u00e1n su regreso este mes y el \u00faltimo volver\u00e1 el primero de marzo.<\/p>\n<p>Los cient\u00edficos que volvieron este a\u00f1o para trabajar en el pa\u00eds en instituciones p\u00fablicas y privada son Ana Sol Peinetti, que vuelve de Estados Unidos; Javier Jaldin Fincati, de Canad\u00e1; Jos\u00e9 Fern\u00e1ndez Le\u00f3n Fellenz, de Estados Unidos; Josefina Alconada, de Israel; Sabrina S\u00e1nchez, de Estados Unidos; Estafan\u00eda Gonz\u00e1lez Solveyra, de Estados Unidos; Alejandro Buren, de Canad\u00e1; y Bel\u00e9n Garc\u00eda Fabiani, de Estados Unidos.<\/p>\n<p>Estas repatriaciones tuvieron un costo estimado de unos 3,6 millones de pesos, ya que cada uno de los investigadores percibi\u00f3 unos 200 mil pesos para costos de traslado y otros 250 mil para su reinstalaci\u00f3n.<\/p>\n<p>&#8220;Es un proyecto que tuvo much\u00edsimos logros, 1.300 investigadores que se integraron en los diversos grupos de investigaci\u00f3n nacional. Lo m\u00e1s bajo fue el a\u00f1o pasado con solo 3 retornos, asociado a la baja de las pol\u00edticas cient\u00edficas de los \u00faltimos 4 a\u00f1os&#8221;, asever\u00f3 Ana Franchi, presidenta del Conicet.<\/p>\n<p>&#8220;Es importante el regreso de los j\u00f3venes que se forman en el exterior. En un a\u00f1o tan complicado por la pandemia y las consecuencias econ\u00f3micas, se mostr\u00f3 una intenci\u00f3n del Gobierno nacional para restablecer esta comunidad cient\u00edfica, que en la pandemia ha colaborado para enfrentar este virus&#8221;, destac\u00f3.<\/p>\n<p>Franchi sostuvo que &#8220;se necesita de una comunidad cient\u00edfica preparada, y los j\u00f3venes que vuelven contribuyen a eso. Lleva muchos a\u00f1os, mucha inversi\u00f3n, no se construye de un d\u00eda para el otro, por eso hay que darle oportunidades a los j\u00f3venes, es fundamental poner a la ciencia de pie para poner al pa\u00eds de pie&#8221;.<\/p>\n<p>&#8220;Este programa es absolutamente virtuoso y tiene mucho para trabajar. Hasta diciembre de 2015 se jug\u00f3 el primer tiempo, de 2016 a 2019 estuvo el entretiempo porque qued\u00f3 detenido. Ahora podemos hacer el segundo tiempo para fortalecer los logros y sumar actividades&#8221;, asever\u00f3.<\/p>\n<p>A trav\u00e9s de un comunicado, la cartera cient\u00edfica nacional destac\u00f3 que entre las novedades de este a\u00f1o est\u00e1 el dise\u00f1o de un esquema de trabajo para hacer que las Redes de cient\u00edficos argentinos en el exterior sean parte del proceso colectivo de construcci\u00f3n del Plan Nacional de Ciencia, Tecnolog\u00eda e Innovaci\u00f3n 2021-2030.<\/p>\n<p>Tambi\u00e9n adelant\u00f3 que habr\u00e1 otro esquema para generar en 2021 un trabajo interredes para que los cient\u00edficos argentinos que se encuentran en diferentes pa\u00edses se conecten entre s\u00ed.<\/p>\n<p>Adem\u00e1s, el Ministerio de Ciencia inici\u00f3 un proceso de revisi\u00f3n colectiva de los Premios Ra\u00edces y Leloir, para hacerlos m\u00e1s participativos para todas las \u00e1reas tem\u00e1ticas e incluir la perspectiva de g\u00e9nero.<\/p>\n<p>Por otra parte, se impuls\u00f3 la celebraci\u00f3n de acuerdos con universidades, organismos e instituciones p\u00fablicas que forman parte del Sistema Nacional de Ciencia, Tecnolog\u00eda e Innovaci\u00f3n para promover los objetivos del programa.<\/p>\n<p>El Programa Ra\u00edces tiene como prop\u00f3sito incentivar el retorno de los\/as investigadores\/as argentinos\/as que se encuentran residiendo en el exterior, sea para su relocalizaci\u00f3n en el pa\u00eds o para realizar estancias cortas de intercambio.<\/p>\n<p>Adem\u00e1s busca fortalecer las capacidades cient\u00edficas y tecnol\u00f3gicas del pa\u00eds a trav\u00e9s del desarrollo de pol\u00edticas de vinculaci\u00f3n con investigadores residentes en el exterior; promover la participaci\u00f3n de los investigadores que se encuentran residiendo en el exterior en la construcci\u00f3n de la pol\u00edtica nacional de ciencia, tecnolog\u00eda e innovaci\u00f3n; impulsar la conexi\u00f3n entre investigadores que se encuentran residiendo en distintos pa\u00edses y difundir oportunidades internacionales de formaci\u00f3n y desarrollo.<\/p>\n","protected":false},"excerpt":{"rendered":"<p>El Programa Ra\u00edces funciona hace m\u00e1s de 15 a\u00f1os y tiene como prop\u00f3sito incentivar el retorno de los\/as investigadores\/as argentinos\/as que se encuentran residiendo en el exterior, sea para su relocalizaci\u00f3n en el pa\u00eds o para realizar estancias cortas de intercambio &nbsp; &nbsp; El Ministerio de Ciencia y Tecnolog\u00eda relanz\u00f3 el programa Ra\u00edces que busca incentivar el retorno de investigadores residentes en el exterior, por el cual se logr\u00f3 el regreso de 1.300 cient\u00edficos hasta 2015, y es considerado por este Gobierno nacional como &#8220;emblem\u00e1tico&#8221;. El programa Ra\u00edces Red de&#8230;<\/p>\n","protected":false},"author":3,"featured_media":70091,"comment_status":"closed","ping_status":"closed","sticky":false,"template":"","format":"standard","meta":[],"categories":[2],"tags":[],"_links":{"self":[{"href":"https:\/\/www.actualidadadiario.com\/index.php\/wp-json\/wp\/v2\/posts\/70090"}],"collection":[{"href":"https:\/\/www.actualidadadiario.com\/index.php\/wp-json\/wp\/v2\/posts"}],"about":[{"href":"https:\/\/www.actualidadadiario.com\/index.php\/wp-json\/wp\/v2\/types\/post"}],"author":[{"embeddable":true,"href":"https:\/\/www.actualidadadiario.com\/index.php\/wp-json\/wp\/v2\/users\/3"}],"replies":[{"embeddable":true,"href":"https:\/\/www.actualidadadiario.com\/index.php\/wp-json\/wp\/v2\/comments?post=70090"}],"version-history":[{"count":1,"href":"https:\/\/www.actualidadadiario.com\/index.php\/wp-json\/wp\/v2\/posts\/70090\/revisions"}],"predecessor-version":[{"id":70092,"href":"https:\/\/www.actualidadadiario.com\/index.php\/wp-json\/wp\/v2\/posts\/70090\/revisions\/70092"}],"wp:featuredmedia":[{"embeddable":true,"href":"https:\/\/www.actualidadadiario.com\/index.php\/wp-json\/wp\/v2\/media\/70091"}],"wp:attachment":[{"href":"https:\/\/www.actualidadadiario.com\/index.php\/wp-json\/wp\/v2\/media?parent=70090"}],"wp:term":[{"taxonomy":"category","embeddable":true,"href":"https:\/\/www.actualidadadiario.com\/index.php\/wp-json\/wp\/v2\/categories?post=70090"},{"taxonomy":"post_tag","embeddable":true,"href":"https:\/\/www.actualidadadiario.com\/index.php\/wp-json\/wp\/v2\/tags?post=70090"}],"curies":[{"name":"wp","href":"https:\/\/api.w.org\/{rel}","templated":true}]}}