{"id":70087,"date":"2020-12-22T12:39:24","date_gmt":"2020-12-22T15:39:24","guid":{"rendered":"https:\/\/www.actualidadadiario.com\/?p=70087"},"modified":"2020-12-22T12:39:24","modified_gmt":"2020-12-22T15:39:24","slug":"historico-ordenan-indemnizar-a-peones-rurales-por-explotacion-laboral","status":"publish","type":"post","link":"https:\/\/www.actualidadadiario.com\/index.php\/2020\/12\/22\/historico-ordenan-indemnizar-a-peones-rurales-por-explotacion-laboral\/","title":{"rendered":"Hist\u00f3rico: ordenan indemnizar a peones rurales por explotaci\u00f3n laboral"},"content":{"rendered":"<p style=\"text-align: center;\"><em><strong>Un tribunal de Corrientes conden\u00f3 a los due\u00f1os de un emprendimiento forestal a pagar a ocho v\u00edctimas m\u00e1s de medio mill\u00f3n de pesos a cada uno. Hab\u00edan trabajado durante 45 d\u00edas aislados en el monte, tomando agua de los arroyos y comiendo carne con gusanos. \u201cEs el primer caso que reconoce la reparaci\u00f3n integral de las v\u00edctimas\u201d, explic\u00f3 el fiscal<\/strong><\/em><\/p>\n<p>&nbsp;<\/p>\n<p>&nbsp;<\/p>\n<p>En la Argentina, por estos d\u00edas, ocurri\u00f3 un hecho sin precedentes: un tribunal de Corrientes conden\u00f3 a dos patrones a indemnizar a ocho peones rurales con medio mill\u00f3n de pesos a cada uno, luego de que se comprobara que hab\u00edan sido v\u00edctimas de explotaci\u00f3n laboral.<\/p>\n<p>El mi\u00e9rcoles, el Tribunal Oral en lo Criminal Federal de Corrientes conden\u00f3 a \u00c1ngel Alessio e Iv\u00e1n Gim\u00e9nez, due\u00f1os de un emprendimiento forestal en Paso de los Libres, a reparar econ\u00f3micamente a las ocho v\u00edctimas por m\u00e1s de 550 mil pesos a cada una de ellas. Ya en mayo de 2018, el mismo tribunal los hab\u00eda sentenciado a la pena de seis y cuatro a\u00f1os de prisi\u00f3n, respectivamente, por considerarlos responsables del delito de trata de personas con fines de explotaci\u00f3n laboral, lo que signific\u00f3 la primera condena por ese crimen en la provincia.<\/p>\n<p>En aquella oportunidad, los jueces rechazaron el pedido del fiscal general Carlos Schaefer \u2013quien hab\u00eda contado con la asistencia de la Procuradur\u00eda de Trata y Explotaci\u00f3n de Personas (Protex), y de la Direcci\u00f3n General de Recuperaci\u00f3n de Activos y Decomiso de Bienes (DGRADB) de la Procuraci\u00f3n General de la Naci\u00f3n\u2013 para la reparaci\u00f3n econ\u00f3mica de las v\u00edctimas porque no se hab\u00edan presentado como querellantes en el proceso.<\/p>\n<p>\u201cEran personas muy humildes que llegaron al juicio solo como testigos. Me llam\u00f3 la atenci\u00f3n que no hab\u00edan cobrado ni un solo d\u00eda de trabajo de los 45 que estuvieron en el campo talando \u00e1rboles. En ese momento pens\u00e9 de qu\u00e9 les sirve a las v\u00edctimas que los due\u00f1os vayan presos, si ellos no recuperaron nada de lo suyo. As\u00ed que se me ocurri\u00f3 hacer algo que no estaba en ning\u00fan libro y que fue pedir una indemnizaci\u00f3n\u201d, recuerda ahora Schaefer.<\/p>\n<p>En mayo de este a\u00f1o, la Sala IV de la C\u00e1mara Federal de Casaci\u00f3n Penal, por unanimidad, hizo lugar al recurso presentado por el fiscal y orden\u00f3 la reparaci\u00f3n econ\u00f3mica para las v\u00edctimas, lo que deriv\u00f3 en el fallo de esta semana.<\/p>\n<p>\u201cEs el primer caso \u2013agrega Schaefer\u2013 que en un juicio oral la C\u00e1mara de Casaci\u00f3n reconoce la reparaci\u00f3n integral de la v\u00edctima. Solo hay antecedentes en casos de explotaci\u00f3n sexual. Sabemos que despu\u00e9s del fallo vinieron otros, pero este es el m\u00e1s avanzado en proceso de ejecuci\u00f3n de la sentencia\u201d.<\/p>\n<p>&nbsp;<\/p>\n<p>El tribunal dispuso que la indemnizaci\u00f3n estuviera constituida, entre otros \u00edtems, por el pago de ocho horas por d\u00eda h\u00e1bil y que el resto de las horas trabajabas por jornada \u2013un total de doce, ya que seg\u00fan qued\u00f3 acreditado en el juicio comenzaban a las siete de la ma\u00f1ana y reci\u00e9n terminaban cerca de las 19\u2013 se pagara como hora extra. Tambi\u00e9n se calcularon las horas trabajadas los s\u00e1bados despu\u00e9s de las 13, los domingos y los feriados.<\/p>\n<p>Para garantizar el dinero a las v\u00edctimas, el tribunal dispuso el remate de dos terrenos ubicados en La Matanza y de dos veh\u00edculos, todos decomisados a los due\u00f1os.<\/p>\n<p>\u201cLas v\u00edctimas contaron que estuvieron 45 d\u00edas aislados en medio del monte, que tomaban agua en bidones que ten\u00edan gusto a querosene o directamente la tomaban de los arroyos. Uno se lastim\u00f3 gravemente durante el trabajo y los patrones solo le llevaron una aspirina\u201d, se queja Schaefer.<\/p>\n<p>Durante el juicio, los testimonios tambi\u00e9n revelaron que Gim\u00e9nez y Alessio les llevaban carne para comer y que, al no tener heladeras para conservarla, hac\u00edan \u201ccharque\u201d. De todas maneras, \u201calgunas veces debieron comerla con gusanos\u201d.<\/p>\n","protected":false},"excerpt":{"rendered":"<p>Un tribunal de Corrientes conden\u00f3 a los due\u00f1os de un emprendimiento forestal a pagar a ocho v\u00edctimas m\u00e1s de medio mill\u00f3n de pesos a cada uno. Hab\u00edan trabajado durante 45 d\u00edas aislados en el monte, tomando agua de los arroyos y comiendo carne con gusanos. \u201cEs el primer caso que reconoce la reparaci\u00f3n integral de las v\u00edctimas\u201d, explic\u00f3 el fiscal &nbsp; &nbsp; En la Argentina, por estos d\u00edas, ocurri\u00f3 un hecho sin precedentes: un tribunal de Corrientes conden\u00f3 a dos patrones a indemnizar a ocho peones rurales con medio mill\u00f3n&#8230;<\/p>\n","protected":false},"author":3,"featured_media":70088,"comment_status":"closed","ping_status":"closed","sticky":false,"template":"","format":"standard","meta":[],"categories":[2],"tags":[],"_links":{"self":[{"href":"https:\/\/www.actualidadadiario.com\/index.php\/wp-json\/wp\/v2\/posts\/70087"}],"collection":[{"href":"https:\/\/www.actualidadadiario.com\/index.php\/wp-json\/wp\/v2\/posts"}],"about":[{"href":"https:\/\/www.actualidadadiario.com\/index.php\/wp-json\/wp\/v2\/types\/post"}],"author":[{"embeddable":true,"href":"https:\/\/www.actualidadadiario.com\/index.php\/wp-json\/wp\/v2\/users\/3"}],"replies":[{"embeddable":true,"href":"https:\/\/www.actualidadadiario.com\/index.php\/wp-json\/wp\/v2\/comments?post=70087"}],"version-history":[{"count":1,"href":"https:\/\/www.actualidadadiario.com\/index.php\/wp-json\/wp\/v2\/posts\/70087\/revisions"}],"predecessor-version":[{"id":70089,"href":"https:\/\/www.actualidadadiario.com\/index.php\/wp-json\/wp\/v2\/posts\/70087\/revisions\/70089"}],"wp:featuredmedia":[{"embeddable":true,"href":"https:\/\/www.actualidadadiario.com\/index.php\/wp-json\/wp\/v2\/media\/70088"}],"wp:attachment":[{"href":"https:\/\/www.actualidadadiario.com\/index.php\/wp-json\/wp\/v2\/media?parent=70087"}],"wp:term":[{"taxonomy":"category","embeddable":true,"href":"https:\/\/www.actualidadadiario.com\/index.php\/wp-json\/wp\/v2\/categories?post=70087"},{"taxonomy":"post_tag","embeddable":true,"href":"https:\/\/www.actualidadadiario.com\/index.php\/wp-json\/wp\/v2\/tags?post=70087"}],"curies":[{"name":"wp","href":"https:\/\/api.w.org\/{rel}","templated":true}]}}