{"id":70082,"date":"2020-12-22T12:37:31","date_gmt":"2020-12-22T15:37:31","guid":{"rendered":"https:\/\/www.actualidadadiario.com\/?p=70082"},"modified":"2020-12-22T12:37:31","modified_gmt":"2020-12-22T15:37:31","slug":"a-dias-de-navidad-y-ano-nuevo-la-provincia-promueve-el-uso-medido-y-solidario-de-la-pirotecnia","status":"publish","type":"post","link":"https:\/\/www.actualidadadiario.com\/index.php\/2020\/12\/22\/a-dias-de-navidad-y-ano-nuevo-la-provincia-promueve-el-uso-medido-y-solidario-de-la-pirotecnia\/","title":{"rendered":"A d\u00edas de Navidad y A\u00f1o Nuevo, la Provincia promueve el uso medido y solidario de la pirotecnia"},"content":{"rendered":"<p style=\"text-align: center;\"><em><strong>El Instituto Provincial de Discapacidad (Iprodi) destac\u00f3, de cara a la celebraci\u00f3n de Navidad y A\u00f1o Nuevo, la necesidad de ser medidos y solidarios con el uso de la pirotecnia<\/strong><\/em><\/p>\n<p>&nbsp;<\/p>\n<p>Desde el organismo resaltaron la importancia de eliminar la pirotecnia sonora, que genera grandes complicaciones y malestar en ni\u00f1os, j\u00f3venes y adultos con Trastorno del Espectro Autista (TEA) y trastornos neurol\u00f3gicos de integraci\u00f3n sensorial, quienes son particularmente sensibles a los productos de alto impacto sonoro.<\/p>\n<p>La titular de Iprodi, In\u00e9s Artusi, indic\u00f3 que \u201cen estos d\u00edas de reencuentro con nuestros seres queridos, luego de un a\u00f1o tan dif\u00edcil, invitamos a todos a celebrar practicando la solidaridad con nuestros pares\u201d.<\/p>\n<p>En ese marco, Artusi resalt\u00f3 la necesidad de ir cambiando los h\u00e1bitos en el uso de la pirotecnia para avanzar hacia la progresiva eliminaci\u00f3n de los productos con alto impacto sonoro, que generan un gran malestar en las personas con TEA y sus familias.<\/p>\n<p>Cabe recordar que este tema fue trabajado a lo largo del a\u00f1o de manera articulada entre el Poder Ejecutivo, el Poder Legislativo y las organizaciones de la sociedad civil entrerrianas, en diversas instancias de di\u00e1logo, apuntando al objetivo com\u00fan de la construcci\u00f3n de una sociedad en convivencia plena.<\/p>\n<p>Por \u00faltimo, se invit\u00f3 a quienes deseen sumarse a la campa\u00f1a a utilizar en redes sociales el hashtag #M\u00e1sLucesMenosRuido.<\/p>\n","protected":false},"excerpt":{"rendered":"<p>El Instituto Provincial de Discapacidad (Iprodi) destac\u00f3, de cara a la celebraci\u00f3n de Navidad y A\u00f1o Nuevo, la necesidad de ser medidos y solidarios con el uso de la pirotecnia &nbsp; Desde el organismo resaltaron la importancia de eliminar la pirotecnia sonora, que genera grandes complicaciones y malestar en ni\u00f1os, j\u00f3venes y adultos con Trastorno del Espectro Autista (TEA) y trastornos neurol\u00f3gicos de integraci\u00f3n sensorial, quienes son particularmente sensibles a los productos de alto impacto sonoro. La titular de Iprodi, In\u00e9s Artusi, indic\u00f3 que \u201cen estos d\u00edas de reencuentro con&#8230;<\/p>\n","protected":false},"author":3,"featured_media":70083,"comment_status":"closed","ping_status":"closed","sticky":false,"template":"","format":"standard","meta":[],"categories":[15],"tags":[],"_links":{"self":[{"href":"https:\/\/www.actualidadadiario.com\/index.php\/wp-json\/wp\/v2\/posts\/70082"}],"collection":[{"href":"https:\/\/www.actualidadadiario.com\/index.php\/wp-json\/wp\/v2\/posts"}],"about":[{"href":"https:\/\/www.actualidadadiario.com\/index.php\/wp-json\/wp\/v2\/types\/post"}],"author":[{"embeddable":true,"href":"https:\/\/www.actualidadadiario.com\/index.php\/wp-json\/wp\/v2\/users\/3"}],"replies":[{"embeddable":true,"href":"https:\/\/www.actualidadadiario.com\/index.php\/wp-json\/wp\/v2\/comments?post=70082"}],"version-history":[{"count":1,"href":"https:\/\/www.actualidadadiario.com\/index.php\/wp-json\/wp\/v2\/posts\/70082\/revisions"}],"predecessor-version":[{"id":70084,"href":"https:\/\/www.actualidadadiario.com\/index.php\/wp-json\/wp\/v2\/posts\/70082\/revisions\/70084"}],"wp:featuredmedia":[{"embeddable":true,"href":"https:\/\/www.actualidadadiario.com\/index.php\/wp-json\/wp\/v2\/media\/70083"}],"wp:attachment":[{"href":"https:\/\/www.actualidadadiario.com\/index.php\/wp-json\/wp\/v2\/media?parent=70082"}],"wp:term":[{"taxonomy":"category","embeddable":true,"href":"https:\/\/www.actualidadadiario.com\/index.php\/wp-json\/wp\/v2\/categories?post=70082"},{"taxonomy":"post_tag","embeddable":true,"href":"https:\/\/www.actualidadadiario.com\/index.php\/wp-json\/wp\/v2\/tags?post=70082"}],"curies":[{"name":"wp","href":"https:\/\/api.w.org\/{rel}","templated":true}]}}