{"id":70076,"date":"2020-12-22T12:36:02","date_gmt":"2020-12-22T15:36:02","guid":{"rendered":"https:\/\/www.actualidadadiario.com\/?p=70076"},"modified":"2020-12-22T12:36:02","modified_gmt":"2020-12-22T15:36:02","slug":"alberto-fernandez-encabeza-un-acto-por-obras-en-el-aeropuerto-de-concordia","status":"publish","type":"post","link":"https:\/\/www.actualidadadiario.com\/index.php\/2020\/12\/22\/alberto-fernandez-encabeza-un-acto-por-obras-en-el-aeropuerto-de-concordia\/","title":{"rendered":"Alberto Fern\u00e1ndez encabeza un acto por obras en el aeropuerto de Concordia"},"content":{"rendered":"<p style=\"text-align: center;\"><em><strong>La finalidad de los trabajos es posibilitar la operaci\u00f3n de vuelos comerciales regulares, y el mejoramiento y modernizaci\u00f3n de la aeroestaci\u00f3n<\/strong><\/em><\/p>\n<p>&nbsp;<\/p>\n<p>&nbsp;<\/p>\n<p>El presidente Alberto Fern\u00e1ndez arribar\u00e1 al mediod\u00eda a la ciudad entrerriana de Concordia, donde encabezar\u00e1 el acto de apertura de ofertas de la licitaci\u00f3n internacional para readecuar y modernizar el aeropuerto local y realizar\u00e1 otros anuncios de obras para la provincia, se inform\u00f3 oficialmente.<\/p>\n<p>Fern\u00e1ndez viajar\u00e1 acompa\u00f1ado por el jefe de Gabinete, Santiago Cafiero; los ministros de Obras P\u00fablicas, Gabriel Katopodis; y de Transporte, Mario Meoni, y el secretario general de la Presidencia, Julio Vitobello.<\/p>\n<p>El Presidente ser\u00e1 recibido por el gobernador de Entre R\u00edos, Gustavo Bordet y el intendente local, Alfredo Francolini, seg\u00fan se precis\u00f3 en un comunicado de Presidencia.<\/p>\n<p>La obra de dise\u00f1o, construcci\u00f3n y readecuaci\u00f3n del aeropuerto \u201cComodoro Pierrestegui\u201d de Concordia, que ser\u00e1 financiada a trav\u00e9s de un cr\u00e9dito del Banco Interamericano de Desarrollo (BID) por 38 millones de d\u00f3lares, busca adecuar la terminal a\u00e9rea a la operaci\u00f3n de vuelos comerciales regulares, tanto para el transporte de pasajeros como de cargas, especialmente de c\u00edtricos y ar\u00e1ndanos donde la provincia concentra la producci\u00f3n nacional.<\/p>\n<p>En tanto, seg\u00fan el Ministerio de Planeamiento, Infraestructura y Servicios de Entre R\u00edos, la obra tiene el objetivo de posibilitar la operaci\u00f3n de vuelos comerciales regulares, y el mejoramiento y modernizaci\u00f3n de la aeroestaci\u00f3n.<\/p>\n<p>Entre otros trabajos, se prev\u00e9 &#8220;la readecuaci\u00f3n de la pista existente de 1.600 metros y su extensi\u00f3n a 2.000 metros, incluyendo zona antichorro y capa resistente de RESA (\u00e1rea de seguridad al final de pistas); y la construcci\u00f3n de una calle de rodaje y una plataforma de estacionamiento de aeronaves&#8221;.<\/p>\n<p>Tambi\u00e9n se contempla la &#8220;adquisici\u00f3n y montaje de se\u00f1alamiento diurno y nocturno; la mejora de la v\u00eda de acceso al aeropuerto, y la construcci\u00f3n del nuevo estacionamiento, y camino y cerco perimetral&#8221;.<\/p>\n<p>Otra de las obras es &#8220;la construcci\u00f3n de una nueva terminal de pasajeros y torre de control, equipos, redes de abastecimiento y tratamiento de agua&#8221;, inform\u00f3 el Ministerio entrerriano.<\/p>\n","protected":false},"excerpt":{"rendered":"<p>La finalidad de los trabajos es posibilitar la operaci\u00f3n de vuelos comerciales regulares, y el mejoramiento y modernizaci\u00f3n de la aeroestaci\u00f3n &nbsp; &nbsp; El presidente Alberto Fern\u00e1ndez arribar\u00e1 al mediod\u00eda a la ciudad entrerriana de Concordia, donde encabezar\u00e1 el acto de apertura de ofertas de la licitaci\u00f3n internacional para readecuar y modernizar el aeropuerto local y realizar\u00e1 otros anuncios de obras para la provincia, se inform\u00f3 oficialmente. Fern\u00e1ndez viajar\u00e1 acompa\u00f1ado por el jefe de Gabinete, Santiago Cafiero; los ministros de Obras P\u00fablicas, Gabriel Katopodis; y de Transporte, Mario Meoni, y&#8230;<\/p>\n","protected":false},"author":3,"featured_media":70077,"comment_status":"closed","ping_status":"closed","sticky":false,"template":"","format":"standard","meta":[],"categories":[9],"tags":[],"_links":{"self":[{"href":"https:\/\/www.actualidadadiario.com\/index.php\/wp-json\/wp\/v2\/posts\/70076"}],"collection":[{"href":"https:\/\/www.actualidadadiario.com\/index.php\/wp-json\/wp\/v2\/posts"}],"about":[{"href":"https:\/\/www.actualidadadiario.com\/index.php\/wp-json\/wp\/v2\/types\/post"}],"author":[{"embeddable":true,"href":"https:\/\/www.actualidadadiario.com\/index.php\/wp-json\/wp\/v2\/users\/3"}],"replies":[{"embeddable":true,"href":"https:\/\/www.actualidadadiario.com\/index.php\/wp-json\/wp\/v2\/comments?post=70076"}],"version-history":[{"count":1,"href":"https:\/\/www.actualidadadiario.com\/index.php\/wp-json\/wp\/v2\/posts\/70076\/revisions"}],"predecessor-version":[{"id":70078,"href":"https:\/\/www.actualidadadiario.com\/index.php\/wp-json\/wp\/v2\/posts\/70076\/revisions\/70078"}],"wp:featuredmedia":[{"embeddable":true,"href":"https:\/\/www.actualidadadiario.com\/index.php\/wp-json\/wp\/v2\/media\/70077"}],"wp:attachment":[{"href":"https:\/\/www.actualidadadiario.com\/index.php\/wp-json\/wp\/v2\/media?parent=70076"}],"wp:term":[{"taxonomy":"category","embeddable":true,"href":"https:\/\/www.actualidadadiario.com\/index.php\/wp-json\/wp\/v2\/categories?post=70076"},{"taxonomy":"post_tag","embeddable":true,"href":"https:\/\/www.actualidadadiario.com\/index.php\/wp-json\/wp\/v2\/tags?post=70076"}],"curies":[{"name":"wp","href":"https:\/\/api.w.org\/{rel}","templated":true}]}}