{"id":70074,"date":"2020-12-22T12:35:21","date_gmt":"2020-12-22T15:35:21","guid":{"rendered":"https:\/\/www.actualidadadiario.com\/?p=70074"},"modified":"2020-12-22T12:35:21","modified_gmt":"2020-12-22T15:35:21","slug":"la-provincia-reforzo-la-asistencia-alimentaria-de-ninas-ninos-y-adolescentes-para-el-receso-estival","status":"publish","type":"post","link":"https:\/\/www.actualidadadiario.com\/index.php\/2020\/12\/22\/la-provincia-reforzo-la-asistencia-alimentaria-de-ninas-ninos-y-adolescentes-para-el-receso-estival\/","title":{"rendered":"La Provincia reforz\u00f3 la asistencia alimentaria de ni\u00f1as, ni\u00f1os y adolescentes para el receso estival"},"content":{"rendered":"<p style=\"text-align: center;\"><em><strong>En el marco de las pol\u00edticas alimentarias que lleva adelante el Estado provincial, desde el 21 al 23 de diciembre se concretar\u00e1 la distribuci\u00f3n de partida de m\u00f3dulos alimentarios en 900 comedores escolares de la provincia, que en la oportunidad incluir\u00e1n productos navide\u00f1os<\/strong><\/em><\/p>\n<p>&nbsp;<\/p>\n<p>&nbsp;<\/p>\n<p>De esta manera, con la partida correspondiente al mes de enero del 2021 se unificar\u00e1 la modalidad del servicio de entrega de m\u00f3dulos en los, aproximadamente, 900 comedores escolares distribuidos a lo largo y ancho del territorio provincial.<\/p>\n<p>En este marco, el Ministerio de Desarrollo Social, a trav\u00e9s de la Subsecretar\u00eda de Pol\u00edticas Alimentarias, garantiza la alimentaci\u00f3n de 48.700 titulares de derechos que recibir\u00e1n, previo a la fecha de Navidad, los m\u00f3dulos de Copa de Leche y el m\u00f3dulo de alimentos que incorporar\u00e1 insumos navide\u00f1os, lo cual significa una inversi\u00f3n por parte de la provincia de 118 millones de pesos.<\/p>\n<p>A trav\u00e9s de estos m\u00f3dulos reforzados, el gobierno entrerriano, garantiza la asistencia alimentaria para las ni\u00f1as, ni\u00f1os y adolescentes durante el receso escolar. Adem\u00e1s, en esta oportunidad se incorporan productos tipos de las festividades de fin de a\u00f1o. De igual manera se har\u00e1 entrega del m\u00f3dulo correspondiente a la Copa de Leche que contiene frutas variadas.<\/p>\n","protected":false},"excerpt":{"rendered":"<p>En el marco de las pol\u00edticas alimentarias que lleva adelante el Estado provincial, desde el 21 al 23 de diciembre se concretar\u00e1 la distribuci\u00f3n de partida de m\u00f3dulos alimentarios en 900 comedores escolares de la provincia, que en la oportunidad incluir\u00e1n productos navide\u00f1os &nbsp; &nbsp; De esta manera, con la partida correspondiente al mes de enero del 2021 se unificar\u00e1 la modalidad del servicio de entrega de m\u00f3dulos en los, aproximadamente, 900 comedores escolares distribuidos a lo largo y ancho del territorio provincial. En este marco, el Ministerio de Desarrollo&#8230;<\/p>\n","protected":false},"author":3,"featured_media":61616,"comment_status":"closed","ping_status":"closed","sticky":false,"template":"","format":"standard","meta":[],"categories":[15],"tags":[],"_links":{"self":[{"href":"https:\/\/www.actualidadadiario.com\/index.php\/wp-json\/wp\/v2\/posts\/70074"}],"collection":[{"href":"https:\/\/www.actualidadadiario.com\/index.php\/wp-json\/wp\/v2\/posts"}],"about":[{"href":"https:\/\/www.actualidadadiario.com\/index.php\/wp-json\/wp\/v2\/types\/post"}],"author":[{"embeddable":true,"href":"https:\/\/www.actualidadadiario.com\/index.php\/wp-json\/wp\/v2\/users\/3"}],"replies":[{"embeddable":true,"href":"https:\/\/www.actualidadadiario.com\/index.php\/wp-json\/wp\/v2\/comments?post=70074"}],"version-history":[{"count":1,"href":"https:\/\/www.actualidadadiario.com\/index.php\/wp-json\/wp\/v2\/posts\/70074\/revisions"}],"predecessor-version":[{"id":70075,"href":"https:\/\/www.actualidadadiario.com\/index.php\/wp-json\/wp\/v2\/posts\/70074\/revisions\/70075"}],"wp:featuredmedia":[{"embeddable":true,"href":"https:\/\/www.actualidadadiario.com\/index.php\/wp-json\/wp\/v2\/media\/61616"}],"wp:attachment":[{"href":"https:\/\/www.actualidadadiario.com\/index.php\/wp-json\/wp\/v2\/media?parent=70074"}],"wp:term":[{"taxonomy":"category","embeddable":true,"href":"https:\/\/www.actualidadadiario.com\/index.php\/wp-json\/wp\/v2\/categories?post=70074"},{"taxonomy":"post_tag","embeddable":true,"href":"https:\/\/www.actualidadadiario.com\/index.php\/wp-json\/wp\/v2\/tags?post=70074"}],"curies":[{"name":"wp","href":"https:\/\/api.w.org\/{rel}","templated":true}]}}