{"id":70072,"date":"2020-12-22T12:34:41","date_gmt":"2020-12-22T15:34:41","guid":{"rendered":"https:\/\/www.actualidadadiario.com\/?p=70072"},"modified":"2020-12-22T12:34:41","modified_gmt":"2020-12-22T15:34:41","slug":"otras-dos-personas-murieron-por-covid-19-en-entre-rios","status":"publish","type":"post","link":"https:\/\/www.actualidadadiario.com\/index.php\/2020\/12\/22\/otras-dos-personas-murieron-por-covid-19-en-entre-rios\/","title":{"rendered":"Otras dos personas murieron por Covid-19 en Entre R\u00edos"},"content":{"rendered":"<p style=\"text-align: center;\"><em><strong>Se trata de un hombre de 71 a\u00f1os, de Crespo, y de una mujer de 88 de Colonia Ensayo, en el departamento Diamante. \u00a0El total de personas fallecidas en la provincia asciende a 549<\/strong><\/em><\/p>\n<p>&nbsp;<\/p>\n<p>&nbsp;<\/p>\n<p>El primer fallecimiento corresponde a un hombre de 71 a\u00f1os oriundo de Crespo que se hallaba hospitalizado en un efector privado de la ciudad.<\/p>\n<p>Por otro lado, se notific\u00f3 el deceso de una mujer de 88 a\u00f1os procedente de Colonia Ensayo, que estaba internada en el Hospital Dr Enrique Fidanza de Diamante.<\/p>\n<p>De este modo, en la provincia son 549 los fallecidos con Covid-19.<\/p>\n","protected":false},"excerpt":{"rendered":"<p>Se trata de un hombre de 71 a\u00f1os, de Crespo, y de una mujer de 88 de Colonia Ensayo, en el departamento Diamante. \u00a0El total de personas fallecidas en la provincia asciende a 549 &nbsp; &nbsp; El primer fallecimiento corresponde a un hombre de 71 a\u00f1os oriundo de Crespo que se hallaba hospitalizado en un efector privado de la ciudad. Por otro lado, se notific\u00f3 el deceso de una mujer de 88 a\u00f1os procedente de Colonia Ensayo, que estaba internada en el Hospital Dr Enrique Fidanza de Diamante. De este&#8230;<\/p>\n","protected":false},"author":3,"featured_media":69111,"comment_status":"closed","ping_status":"closed","sticky":false,"template":"","format":"standard","meta":[],"categories":[15],"tags":[],"_links":{"self":[{"href":"https:\/\/www.actualidadadiario.com\/index.php\/wp-json\/wp\/v2\/posts\/70072"}],"collection":[{"href":"https:\/\/www.actualidadadiario.com\/index.php\/wp-json\/wp\/v2\/posts"}],"about":[{"href":"https:\/\/www.actualidadadiario.com\/index.php\/wp-json\/wp\/v2\/types\/post"}],"author":[{"embeddable":true,"href":"https:\/\/www.actualidadadiario.com\/index.php\/wp-json\/wp\/v2\/users\/3"}],"replies":[{"embeddable":true,"href":"https:\/\/www.actualidadadiario.com\/index.php\/wp-json\/wp\/v2\/comments?post=70072"}],"version-history":[{"count":1,"href":"https:\/\/www.actualidadadiario.com\/index.php\/wp-json\/wp\/v2\/posts\/70072\/revisions"}],"predecessor-version":[{"id":70073,"href":"https:\/\/www.actualidadadiario.com\/index.php\/wp-json\/wp\/v2\/posts\/70072\/revisions\/70073"}],"wp:featuredmedia":[{"embeddable":true,"href":"https:\/\/www.actualidadadiario.com\/index.php\/wp-json\/wp\/v2\/media\/69111"}],"wp:attachment":[{"href":"https:\/\/www.actualidadadiario.com\/index.php\/wp-json\/wp\/v2\/media?parent=70072"}],"wp:term":[{"taxonomy":"category","embeddable":true,"href":"https:\/\/www.actualidadadiario.com\/index.php\/wp-json\/wp\/v2\/categories?post=70072"},{"taxonomy":"post_tag","embeddable":true,"href":"https:\/\/www.actualidadadiario.com\/index.php\/wp-json\/wp\/v2\/tags?post=70072"}],"curies":[{"name":"wp","href":"https:\/\/api.w.org\/{rel}","templated":true}]}}