{"id":70066,"date":"2020-12-22T12:33:08","date_gmt":"2020-12-22T15:33:08","guid":{"rendered":"https:\/\/www.actualidadadiario.com\/?p=70066"},"modified":"2020-12-22T12:33:08","modified_gmt":"2020-12-22T15:33:08","slug":"el-gobierno-provincial-suma-obras-al-norte-entrerriano","status":"publish","type":"post","link":"https:\/\/www.actualidadadiario.com\/index.php\/2020\/12\/22\/el-gobierno-provincial-suma-obras-al-norte-entrerriano\/","title":{"rendered":"El gobierno provincial suma obras al norte entrerriano"},"content":{"rendered":"<p style=\"text-align: center;\"><em><strong>En el marco del desarrollo del norte entrerriano, el gobernador Gustavo Bordet estuvo en Feliciano<\/strong><\/em><\/p>\n<p>&nbsp;<\/p>\n<p>&nbsp;<\/p>\n<p>All\u00ed particip\u00f3 de la apertura de sobres para la segunda etapa de lagunas de tratamiento y nuevo colector, entreg\u00f3 aportes e inaugur\u00f3 una nueva unidad de Nivel Inicial, adem\u00e1s de anunciar la continuaci\u00f3n de otra escuela y m\u00e1s viviendas.<\/p>\n<p>Junto a intendente de San Jos\u00e9 de Feliciano, Dami\u00e1n Ar\u00e9valo, el primer mandatario entrerriano presenci\u00f3, en la municipalidad de Feliciano, la apertura de sobres con las propuestas para la segunda etapa de lagunas de tratamiento y nuevo colector para la ciudad, obra que cuenta con un presupuesto oficial de 145.487.312,40 pesos y un plazo de ejecuci\u00f3n de 120 d\u00edas corridos.<\/p>\n<p>Particip\u00f3 tambi\u00e9n en el acto de entrega de aportes que se realiz\u00f3 en la Casa del Bicentenario. Y la \u00faltima actividad del gobernador en la ciudad fue inaugurar una nueva unidad de Nivel Inicial en un predio ubicado en Buenos Aires y Venezuela. La unidad educativa de nivel inicial en Feliciano demand\u00f3 una inversi\u00f3n de 15.477.907,33 de pesos, e incluy\u00f3 tres salas con sanitarios, un Sal\u00f3n de Usos M\u00faltiples (SUM) comedor, una cocina completa, dep\u00f3sito, el patio de formaci\u00f3n y \u00e1rea de juegos.<\/p>\n<p>&#8220;Es un d\u00eda muy importante para Feliciano poder culminar este proyecto integral de tratamiento de efluentes&#8221;, sostuvo el gobernador Bordet antes de recordar el inicio de la misma en su anterior gesti\u00f3n y las dificultades que se tuvieron que sortear. &#8220;Hab\u00eda un gobierno nacional absolutamente ausente en las pol\u00edticas de obras p\u00fablicas provinciales. Se tuvo que hacer todo con nuestros recursos que nunca alcanzaban para una larga demanda, sobre todo en materia de saneamiento, de aguas y cloacas&#8221;, entendi\u00f3.<\/p>\n<p>En ese marco, y con el cambio de gobierno nacional y la asunci\u00f3n de Alberto Fern\u00e1ndez como Presidente, &#8220;afortunadamente todo cambi\u00f3 para bien. El hecho que Enrique Cresto pueda estar al frente de Enohsa ha sido muy beneficioso para la provincia de Entre R\u00edos porque obras como \u00e9stas que son millonarias se replican en toda el territorio provincial y esto nos pone al d\u00eda en todo lo que es servicios esenciales que tienen que tener los vecinos y vecinas de cada localidad. Estamos hablando de lo m\u00e1s elemental que es el acceso al agua potable, al tratamiento de efluentes. Esto repercute en la calidad de vida de todos los d\u00edas de cada familia, en ganar en salud para la poblaci\u00f3n ante un sistema de saneamiento en cada ciudad&#8221;, detall\u00f3.<\/p>\n<p>Habl\u00f3 luego de reiniciar la obra de la escuela que est\u00e1 frente al cementerio. &#8220;Es una escuela nueva que a\u00fan no tiene nombre. Se hab\u00eda comenzado, pero la empresa quebr\u00f3. Ahora la retomamos para definitivamente terminarla. El 27 de enero estar\u00edamos abriendo los sobres&#8221;, adelant\u00f3.<\/p>\n<p>Tambi\u00e9n se refiri\u00f3 a las 16 viviendas que se estaban construyendo. &#8220;La empresa tambi\u00e9n quebr\u00f3. Se rescindir\u00e1 el contrato y se llamar\u00e1 nuevamente a licitaci\u00f3n&#8221;, anunci\u00f3 poco antes de comentar que se le hab\u00eda hecho el anticipo financiero, pero la empresa no cumpli\u00f3. &#8220;Estaremos licitando a trav\u00e9s del Instituto Aut\u00e1rquico de Planeamiento y Vivienda 24 viviendas m\u00e1s para Feliciano&#8221;, anunci\u00f3.<\/p>\n<p>Asimismo, inform\u00f3 que &#8220;se puso en marcha con recursos de Enersa el cierre norte, en la l\u00ednea que va de Los Conquistadores a Feliciano. Ya se firm\u00f3 el contrato de obra con la empresa, y en las pr\u00f3ximas semanas comenzar\u00e1 la obra. Esto era algo muy demandado&#8221;, agreg\u00f3.<\/p>\n<p>&#8220;Quiero ratificar el compromiso con las rutas N\u00b01 y N\u00b02. Lo tenemos prefinanciado con un organismo internacional. La pandemia, y el desembolso de fondos internacionales estuvieron complejos este a\u00f1o, pero confiamos que el 2021 tendremos la licitaci\u00f3n. Y si no conseguimos fondos internacionales, con fondos nacionales o provinciales se har\u00e1n las rutas porque es clave e importante. Nos conecta todo el norte entrerriano, desde La Paz, Feliciano y Chajar\u00ed. Necesitamos poder llegar con ese cierre en las dos rutas que son claves para la provincia&#8221;, insisti\u00f3.<\/p>\n<p>Mencion\u00f3 luego la unidad educativa inicial. &#8220;Esto tambi\u00e9n la hab\u00eda empezado el gobierno nacional y la abandon\u00f3, y se tuvo que concluir con fondos provinciales. Hoy la estamos inaugurando&#8221;, dijo Bordet despu\u00e9s de referirse a la jornada de trabajo que tendr\u00e1 con el intendente para &#8220;acordar la programaci\u00f3n de obras en el marco del plan que har\u00e1 Cafesg para 2021, a sabiendas que se consigui\u00f3 la transferencia autom\u00e1tica de fondos. Esto tambi\u00e9n es una gran noticia y tuvo que venir un Presidente peronista para ponerlo nuevamente en Salto Grande&#8221;, remarc\u00f3.<\/p>\n<p>&#8220;Agradezco la presencia de todos, renuevo el compromiso y el trabajar fuerte. Les deseo a todos una muy feliz Navidad en familia y pudiendo encontrar en esa uni\u00f3n familiar la superaci\u00f3n de esta pandemia que tanto nos afect\u00f3. Ojal\u00e1 que en 2021 nos encuentre trabajando con la normalidad, con la presencialidad en nuestras escuelas y los mejores deseos de felicidad para todos&#8221;, concluy\u00f3.<\/p>\n<p>&nbsp;<\/p>\n<p><strong>Hist\u00f3rico<\/strong><\/p>\n<p>Por su parte, el intendente de Feliciano, Dami\u00e1n Ar\u00e9valo, dijo que &#8220;en un d\u00eda hist\u00f3rico porque fue una lucha de muchos a\u00f1os y muchas tratativas. Fue la decisi\u00f3n pol\u00edtica del gobernador Gustavo Bordet en su primera gesti\u00f3n de gobierno de destinar dinero de la provincia para hacer la primera parte. Obra que se hizo en tiempo y forma, y ahora estamos por abrir los sobres de la segunda etapa en su segunda gesti\u00f3n de gobierno. Queda claro el cumplimiento de la palabra con esta ciudad&#8221;, remarc\u00f3.<\/p>\n<p>&#8220;Queremos agradecerles especialmente al gobernador. La obra de laguna decantaci\u00f3n y el nuevo colector cloacal era una obra ansiada y necesaria para los vecinos de San Jos\u00e9 de Feliciano porque hace m\u00e1s de 40 a\u00f1os y ya est\u00e1bamos en una situaci\u00f3n de emergencia&#8221;.<\/p>\n<p>Dijo m\u00e1s adelante que &#8220;siempre tener la presencia del gobernador y de funcionarios es revitalizante para todos los que trabajamos en Feliciano&#8221;, y mencion\u00f3 algunas de las necesidades de la localidad. &#8220;El gobernador est\u00e1 trabajando en esto y siempre nos ha mostrado su compromiso con todas las obras. La decisi\u00f3n pol\u00edtica del gobernador de que Feliciano sea una de las ciudades que tenga una nueva terminal de \u00f3mnibus, es una pol\u00edtica que tiene que ver con el complemento de lo que es trabajar municipio, provincia y Naci\u00f3n en una sola l\u00ednea &#8220;, concluy\u00f3.<\/p>\n<p>&nbsp;<\/p>\n<p><strong>Presencias<\/strong><\/p>\n<p>Acompa\u00f1aron a Bordet, la vicegobernadora, Laura Stratta; el intendente Dami\u00e1n Ar\u00e9valo; el titular Ente Nacional de Obras H\u00eddricas de Saneamiento (Enohsa), Enrique Cresto; el presidente de la Comisi\u00f3n T\u00e9cnica Mixta (CTM) Luis Benedetto; los ministros de Producci\u00f3n Juan Jos\u00e9 Bahillo; de Planeamiento, Marcelo Richard; y de Desarrollo Social, Marisa Paira. Tambi\u00e9n estuvo el presidente del Consejo General del Educaci\u00f3n (CGE), Mart\u00edn M\u00fcller, y los legisladores Silvia Moreno y Ester Gonz\u00e1lez.<\/p>\n<p>&nbsp;<\/p>\n<p><strong>Las obras<\/strong><\/p>\n<p>Esta segunda etapa tiene un presupuesto oficial de 145.487.312,40 pesos, y un plazo de ejecuci\u00f3n de 120 d\u00edas corridos. Las empresas que cotizaron son OIC, por 116.902.113,02; Hornus, por 173.677.208,26 pesos; Piton por 113.342.242,68 pesos; Lemiro Pietroboni-TRAZA-UT, por 169.350.710,91 pesos; y Caballi-Szczech-UT por 144.652.507,20 pesos.<\/p>\n<p>Con una poblaci\u00f3n de aproximadamente 14.500 habitantes se encuentra con el inconveniente de contar con las actuales lagunas de estabilizaci\u00f3n de los efluentes cloacales dentro del ejido y muy pr\u00f3ximo al asentamiento poblacional, de manera tal que el presente proyecto, a ejecutar en dos etapas, contempla en esta segunda etapa la relocalizaci\u00f3n de las mismas en un predio de propiedad del Municipio ubicado a la vera del arroyo<\/p>\n<p>Coronel, afluente del Arroyo Feliciano, y distante aproximadamente 2.800m de la actual ubicaci\u00f3n del servicio.<\/p>\n<p>En esa segunda etapa, se ejecutar\u00e1 la relocalizaci\u00f3n de las lagunas de tratamiento en un predio del municipio ubicado a la vera del arroyo Coronel, afluente del Arroyo Feliciano, y los empalmes de las ca\u00f1er\u00edas construidas en la primera etapa, con la boca de registro existente en la intersecci\u00f3n de calle San Mart\u00edn y San Luis, en una longitud de 65 metros por calle San Luis, para dar continuidad a la red hacia la estaci\u00f3n elevadora. Por otro lado se construir\u00e1 la ca\u00f1er\u00eda de impulsi\u00f3n, por calle p\u00fablica sin nombre, a los efectos de ingresar al nuevo juego de lagunas anaer\u00f3bica y facultativa, a construir, con la disposici\u00f3n final del l\u00edquido tratado en el arroyo Coronel, adyacente a estas futuras lagunas.<\/p>\n<p>&nbsp;<\/p>\n<p><strong>Aportes<\/strong><\/p>\n<p>Durante la visita, el gobernador entreg\u00f3 el Decreto N\u00ba 2353 para la terminaci\u00f3n de la nueva obra de la escuela San Jos\u00e9 de Feliciano y aportes de Cafesg para la adquisici\u00f3n de iluminaci\u00f3n LED por 816.701,60 pesos. Asimismo, entreg\u00f3 751 mil pesos en aportes, de los cuales 366 mil pesos se destinar\u00e1n a la municipalidad para el fortalecimiento del mercado popular. Recibieron adem\u00e1s aportes j\u00f3venes emprendedores; el Club Atl\u00e9tico Feliciano en el marco del Programa Emergencia Clubes de Barrio; y se hizo lo propio desde el Programa Poder Popular para vecinos de barrio Mar\u00eda Reina con destino al comedor comunitario. Se entreg\u00f3 tambi\u00e9n kit hort\u00edcola para productores de desarrollo de distintos cultivos para agricultores familiares<\/p>\n<p>&nbsp;<\/p>\n<p><strong>Feliciano<\/strong><\/p>\n<p>La localidad de San Jos\u00e9 de Feliciano se encuentra a 25 kil\u00f3metros de la ciudad de Paran\u00e1 y es cabecera del departamento hom\u00f3nimo. Se comunica a los centros urbanos m\u00e1s importantes por medio de rutas pavimentadas.<\/p>\n","protected":false},"excerpt":{"rendered":"<p>En el marco del desarrollo del norte entrerriano, el gobernador Gustavo Bordet estuvo en Feliciano &nbsp; &nbsp; All\u00ed particip\u00f3 de la apertura de sobres para la segunda etapa de lagunas de tratamiento y nuevo colector, entreg\u00f3 aportes e inaugur\u00f3 una nueva unidad de Nivel Inicial, adem\u00e1s de anunciar la continuaci\u00f3n de otra escuela y m\u00e1s viviendas. Junto a intendente de San Jos\u00e9 de Feliciano, Dami\u00e1n Ar\u00e9valo, el primer mandatario entrerriano presenci\u00f3, en la municipalidad de Feliciano, la apertura de sobres con las propuestas para la segunda etapa de lagunas de&#8230;<\/p>\n","protected":false},"author":3,"featured_media":70067,"comment_status":"closed","ping_status":"closed","sticky":false,"template":"","format":"standard","meta":[],"categories":[9],"tags":[],"_links":{"self":[{"href":"https:\/\/www.actualidadadiario.com\/index.php\/wp-json\/wp\/v2\/posts\/70066"}],"collection":[{"href":"https:\/\/www.actualidadadiario.com\/index.php\/wp-json\/wp\/v2\/posts"}],"about":[{"href":"https:\/\/www.actualidadadiario.com\/index.php\/wp-json\/wp\/v2\/types\/post"}],"author":[{"embeddable":true,"href":"https:\/\/www.actualidadadiario.com\/index.php\/wp-json\/wp\/v2\/users\/3"}],"replies":[{"embeddable":true,"href":"https:\/\/www.actualidadadiario.com\/index.php\/wp-json\/wp\/v2\/comments?post=70066"}],"version-history":[{"count":1,"href":"https:\/\/www.actualidadadiario.com\/index.php\/wp-json\/wp\/v2\/posts\/70066\/revisions"}],"predecessor-version":[{"id":70068,"href":"https:\/\/www.actualidadadiario.com\/index.php\/wp-json\/wp\/v2\/posts\/70066\/revisions\/70068"}],"wp:featuredmedia":[{"embeddable":true,"href":"https:\/\/www.actualidadadiario.com\/index.php\/wp-json\/wp\/v2\/media\/70067"}],"wp:attachment":[{"href":"https:\/\/www.actualidadadiario.com\/index.php\/wp-json\/wp\/v2\/media?parent=70066"}],"wp:term":[{"taxonomy":"category","embeddable":true,"href":"https:\/\/www.actualidadadiario.com\/index.php\/wp-json\/wp\/v2\/categories?post=70066"},{"taxonomy":"post_tag","embeddable":true,"href":"https:\/\/www.actualidadadiario.com\/index.php\/wp-json\/wp\/v2\/tags?post=70066"}],"curies":[{"name":"wp","href":"https:\/\/api.w.org\/{rel}","templated":true}]}}