{"id":70063,"date":"2020-12-21T12:09:36","date_gmt":"2020-12-21T15:09:36","guid":{"rendered":"https:\/\/www.actualidadadiario.com\/?p=70063"},"modified":"2020-12-21T12:09:36","modified_gmt":"2020-12-21T15:09:36","slug":"los-infectados-se-multiplican-en-brasil","status":"publish","type":"post","link":"https:\/\/www.actualidadadiario.com\/index.php\/2020\/12\/21\/los-infectados-se-multiplican-en-brasil\/","title":{"rendered":"Los infectados se multiplican en Brasil"},"content":{"rendered":"<p style=\"text-align: center;\"><em><strong>Brasil parece marchar inexorablemente hacia las 200 mil muertes por Covid-19 antes de fin de a\u00f1o, a un promedio de m\u00e1s de 700 decesos diarios y, ante el crecimiento de casos en la regi\u00f3n, el gobierno de Jair Bolsonaro exigir\u00e1 test a los que lleguen del exterior y mantendr\u00e1 cerradas las fronteras terrestres<\/strong><\/em><\/p>\n<p>&nbsp;<\/p>\n<p>&nbsp;<\/p>\n<p>El pa\u00eds sum\u00f3 706 nuevos fallecimientos por el SARS-COV-2 en las \u00faltimas 24 horas, con lo cual la cifra total de v\u00edctimas por esta causa trep\u00f3 a 186.356, inform\u00f3 el ministerio de Salud, que tambi\u00e9n detall\u00f3 que hasta el s\u00e1bado se registraron 50.177 nuevos casos, para un total de 7.213.155 contagios desde el inicio de la pandemia.<\/p>\n<p>Brasil es el segundo pa\u00eds con m\u00e1s muertes por Covid-19, s\u00f3lo superado por Estados Unidos, y el tercero en casos, detr\u00e1s de Estados Unidos e India.<\/p>\n<p>El estado de San Pablo, el m\u00e1s poblado del pa\u00eds, es el m\u00e1s afectado con un 1.384.100 casos positivos y 45.029 muertos, seguido de R\u00edo de Janeiro, con 403.660 contagios y 24.454 decesos.<\/p>\n<p>Brasil enfrenta en la actualidad una segunda ola de coronavirus, luego de que registr\u00f3 un descenso en las curvas de casos y muertes en septiembre, para retomar un ascenso a partir de noviembre. Esta semana el gobierno brasile\u00f1o present\u00f3 el Plan Nacional de Vacunaci\u00f3n contra la pandemia, aunque no estableci\u00f3 ninguna fecha para iniciar la inmunizaci\u00f3n.<\/p>\n<p>Hasta ahora, el gigante sudamericano era uno de los pocos pa\u00edses en la regi\u00f3n y el mundo que no exig\u00edan prueba\/test PCR para ingresar, pero eso acaba de cambiar luego de que el gobierno de Bolsonaro emitiera la Ordenanza 630, la cual exige que todos los ciudadanos brasile\u00f1os o extranjeros que quieren ingresar al pa\u00eds deber\u00e1n presentar una prueba de RT-PCR negativa dentro de las 72 horas previo al embarque del vuelo.<\/p>\n<p>La medida entrar\u00e1 en vigencia a partir del 30 de diciembre.<\/p>\n<p>Tambi\u00e9n se inform\u00f3 que las fronteras se mantendr\u00e1n cerradas para los extranjeros que quieran ingresar por v\u00eda terrestre o acu\u00e1tica, por lo que el avi\u00f3n sigue siendo el \u00fanico medio para desplazarse hacia Brasil.<\/p>\n<p>Adem\u00e1s, los viajeros deber\u00e1n rellenar una Declaraci\u00f3n de Salud del Viajero (DSV) (impresa o digitalmente), con el acuerdo sobre las medidas sanitarias que deben cumplirse durante el per\u00edodo que permanecer\u00e1 en el pa\u00eds.<\/p>\n<p>Las autoridades migratorias podr\u00e1n impedir el ingreso al territorio de no cumplir con los requisitos establecidos, indica la ordenanza.<\/p>\n<p>Esta nueva medida deja solo a M\u00e9xico, Colombia y Rep\u00fablica Dominicana como \u00fanicos pa\u00edses Latinoamericanos que no exigen prueba RT-PCR, adem\u00e1s de otros mercados tur\u00edsticos importantes en el mundo como Estados Unidos y Turqu\u00eda.<\/p>\n","protected":false},"excerpt":{"rendered":"<p>Brasil parece marchar inexorablemente hacia las 200 mil muertes por Covid-19 antes de fin de a\u00f1o, a un promedio de m\u00e1s de 700 decesos diarios y, ante el crecimiento de casos en la regi\u00f3n, el gobierno de Jair Bolsonaro exigir\u00e1 test a los que lleguen del exterior y mantendr\u00e1 cerradas las fronteras terrestres &nbsp; &nbsp; El pa\u00eds sum\u00f3 706 nuevos fallecimientos por el SARS-COV-2 en las \u00faltimas 24 horas, con lo cual la cifra total de v\u00edctimas por esta causa trep\u00f3 a 186.356, inform\u00f3 el ministerio de Salud, que tambi\u00e9n&#8230;<\/p>\n","protected":false},"author":3,"featured_media":70064,"comment_status":"closed","ping_status":"closed","sticky":false,"template":"","format":"standard","meta":[],"categories":[4],"tags":[],"_links":{"self":[{"href":"https:\/\/www.actualidadadiario.com\/index.php\/wp-json\/wp\/v2\/posts\/70063"}],"collection":[{"href":"https:\/\/www.actualidadadiario.com\/index.php\/wp-json\/wp\/v2\/posts"}],"about":[{"href":"https:\/\/www.actualidadadiario.com\/index.php\/wp-json\/wp\/v2\/types\/post"}],"author":[{"embeddable":true,"href":"https:\/\/www.actualidadadiario.com\/index.php\/wp-json\/wp\/v2\/users\/3"}],"replies":[{"embeddable":true,"href":"https:\/\/www.actualidadadiario.com\/index.php\/wp-json\/wp\/v2\/comments?post=70063"}],"version-history":[{"count":1,"href":"https:\/\/www.actualidadadiario.com\/index.php\/wp-json\/wp\/v2\/posts\/70063\/revisions"}],"predecessor-version":[{"id":70065,"href":"https:\/\/www.actualidadadiario.com\/index.php\/wp-json\/wp\/v2\/posts\/70063\/revisions\/70065"}],"wp:featuredmedia":[{"embeddable":true,"href":"https:\/\/www.actualidadadiario.com\/index.php\/wp-json\/wp\/v2\/media\/70064"}],"wp:attachment":[{"href":"https:\/\/www.actualidadadiario.com\/index.php\/wp-json\/wp\/v2\/media?parent=70063"}],"wp:term":[{"taxonomy":"category","embeddable":true,"href":"https:\/\/www.actualidadadiario.com\/index.php\/wp-json\/wp\/v2\/categories?post=70063"},{"taxonomy":"post_tag","embeddable":true,"href":"https:\/\/www.actualidadadiario.com\/index.php\/wp-json\/wp\/v2\/tags?post=70063"}],"curies":[{"name":"wp","href":"https:\/\/api.w.org\/{rel}","templated":true}]}}