{"id":69761,"date":"2020-12-10T12:48:54","date_gmt":"2020-12-10T15:48:54","guid":{"rendered":"https:\/\/www.actualidadadiario.com\/?p=69761"},"modified":"2020-12-10T12:48:54","modified_gmt":"2020-12-10T15:48:54","slug":"bordet-dijo-que-la-provincia-se-prepara-para-un-ciclo-lectivo-2021-con-presencialidad-en-las-aulas","status":"publish","type":"post","link":"https:\/\/www.actualidadadiario.com\/index.php\/2020\/12\/10\/bordet-dijo-que-la-provincia-se-prepara-para-un-ciclo-lectivo-2021-con-presencialidad-en-las-aulas\/","title":{"rendered":"Bordet dijo que la provincia se prepara para un ciclo lectivo 2021 con presencialidad en las aulas"},"content":{"rendered":"<p style=\"text-align: center;\"><em><strong>El gobernador Gustavo Bordet confi\u00f3 en que \u201cpodamos tener un ciclo lectivo en 2021 en forma presencial, en lo cual pondremos todo el esfuerzo\u201d en la infraestructura educativa a trav\u00e9s del Plan Verano y los acuerdos salariales<\/strong><\/em><\/p>\n<p>&nbsp;<\/p>\n<p>&nbsp;<\/p>\n<p>Bordet formul\u00f3 estos conceptos durante el acto que encabez\u00f3 en Gualeguay, junto a la vicegobernadora Laura Stratta y a la intendenta Ver\u00f3nica Berisso, donde inaugur\u00f3 las obras de reforma integral y ampliaci\u00f3n de la escuela N\u00ba 76 Soldado J. G\u00f3mez, que demandaron una inversi\u00f3n de 20 millones de pesos; y particip\u00f3 de la apertura de sobres para la continuidad y terminaci\u00f3n de dos Unidades Educativas de Nivel Inicial (UENI), una en Gualeguay y otra en Villa Elisa, con un presupuesto de 52 millones de pesos.<\/p>\n<p>\u201cEstamos terminando un a\u00f1o que ha sido totalmente anormal y at\u00edpico en materia educativa. Comenzamos las clases presenciales promediando el mes de octubre y confiamos en poder tener un ciclo lectivo en 2021 en forma presencial. Pondremos todo el esfuerzo que est\u00e9 al alcance para que as\u00ed sea\u201d, dijo.<\/p>\n<p>En ese sentido, reiter\u00f3 que \u201cconversaremos con las organizaciones gremiales para poder lograr recomposiciones salariales para poder llegar a acuerdos y que nuestros ni\u00f1os y j\u00f3venes puedan tener acceso a una mejor calidad educativa. Lo virtual nos ha ayudado mucho, pero nada sustituye lo presencial, y queremos en 2021 tener la presencialidad en todas las escuelas\u201d.<\/p>\n<p>Se refiri\u00f3 luego al Plan de Verano con miras al ciclo 2021. &#8220;Lo tenemos habitualmente instaurado y este a\u00f1o no ser\u00e1 la excepci\u00f3n. Lo comenzaremos a aplicar en los distintos establecimientos escolares\u201d, afirm\u00f3 y explic\u00f3 que se trata de \u201crefacciones menores, pero no menos importantes, que tienen que ver muchas veces con el agua potable, los sanitarios y algunas que otras obras&#8221;.<\/p>\n<p>Al iniciar el acto, Bordet se\u00f1al\u00f3 que &#8220;resulta muy gratificante poder estar para la inauguraci\u00f3n de esta reforma integral y ampliaci\u00f3n que tuvo la escuela G\u00f3mez; y tambi\u00e9n para abrir los sobre de las Unidades Educativas de Nivel Inicial, que tienen un presupuesto de 52 millones de pesos&#8221;.<\/p>\n<p>Por otro lado, ante un pedido de docentes de la instituci\u00f3n, asumi\u00f3 el compromiso p\u00fablico de que &#8220;vamos a hacer la obra de la escuela T\u00e9cnica N\u00ba1\u201d, m\u00e1s all\u00e1 de que ya est\u00e1 incluida en el presupuesto 2021.<\/p>\n<p>Luego destac\u00f3 que &#8220;estamos trabajando articuladamente, no s\u00f3lo con el gobierno municipal de Gualeguay, sino con el gobierno nacional para licitar el colector Quir\u00f3s, que es una obra cloacal de magnitud, de cerca 300 millones, que excede largamente un presupuesto municipal y a veces a los fondos provinciales. Con el apoyo del gobierno nacional vamos a poder llevar adelante y ejecutar esa obra&#8221;, dijo.<\/p>\n<p>En otro orden, asegur\u00f3 a la flamante intendenta &#8220;todo el apoyo institucional de la provincia con esta gesti\u00f3n que est\u00e1 comenzando a desempe\u00f1ar&#8221; y agradeci\u00f3 al anterior presidente municipal recientemente fallecido, Federico Bogdan &#8220;por estos a\u00f1os compartidos en que estuvimos al frente tanto del municipio como de la provincia, en quien he encontrado una gran persona y, m\u00e1s all\u00e1 de las opiniones diferentes, hemos coincidido much\u00edsimo en cosas que tiene que ver con la gesti\u00f3n y tambi\u00e9n con la vida&#8221;.<\/p>\n<p>Sobre el fallecimiento del ex intendente, se\u00f1al\u00f3: &#8220;Sent\u00ed mucho pesar y dolor por su p\u00e9rdida, pero intendenta, como trabajamos con Federico, del mismo modo trabajaremos con usted para que los vecinos y vecinas de la ciudad de Gualeguay puedan ir mejorando la calidad de vida&#8221;.<\/p>\n<p>Habl\u00f3 luego del impacto de la pandemia, no s\u00f3lo en lo que refiere a los aspectos econ\u00f3micos, sino &#8220;a estas p\u00e9rdidas, porque uno mira para atr\u00e1s y ve muchas ausencias&#8221;, sostuvo al mencionar el fallecimiento de un joven agente de polic\u00eda. &#8220;Son cosas que nos duelen porque son servidores p\u00fablicos, hay familias detr\u00e1s y estamos trabajando fuertemente para iniciar la campa\u00f1a de vacunaci\u00f3n los primeros d\u00edas de enero y tener una mayor previsibilidad, a pesar de que debemos cuidarnos&#8221;.<\/p>\n<p>En otro orden, Bordet manifest\u00f3 que &#8220;del mismo modo que hemos trabajado con mucha responsabilidad con el sector privado y los municipios, hemos podido habilitar la temporada de turismo justo antes del fin de semana largo. Nos dio muy buen resultado. Entre R\u00edos ha sido el tercer destino tur\u00edstico que ha tenido el pa\u00eds, apenas por debajo de C\u00f3rdoba. Esto habla a las claras de que hubo una actitud muy responsable para poder cumplir con los protocolos que nos hab\u00edamos impuesto&#8221;, remarc\u00f3.<\/p>\n<p>Por \u00faltimo, concluy\u00f3: \u201cOjal\u00e1 podamos dejar el a\u00f1o que viene esta etapa tan triste que le ha tocado vivir al planeta, a la Argentina y a nuestra provincia&#8221;.<\/p>\n<p>&nbsp;<\/p>\n<p><strong>Las obras<\/strong><\/p>\n<p>La obra de la escuela N\u00ba 76 Soldado J G\u00f3mez demand\u00f3 una inversi\u00f3n de 20.058.424 pesos. Se realiz\u00f3 la construcci\u00f3n de cuatro aulas comunes, un aula taller, sectores administrativos y SUM. Adem\u00e1s, se refaccionaron los sanitarios existentes y se hicieron reparaciones generales del edificio que incluyeron cuatro aulas, cocina y comedor.<\/p>\n<p>&nbsp;<\/p>\n<p><strong>Apertura de sobres<\/strong><\/p>\n<p>Por otro lado, se abrieron los sobres para la terminaci\u00f3n de una Unidad Educativa de Nivel Inicial (UENI) en Gualeguay, que tiene un presupuesto de 35.913.167 pesos. Asimismo, una UENI en Villa Elisa, cuyo presupuesto oficial es de 16.033.249 pesos. Tres oferentes se presentaron para cada una de las obras.<\/p>\n<p>Se trata de las terminaciones de los dos \u00faltimos jardines de un total de 14 que fueron paralizados en 2018. El presupuesto oficial para ambos suma 51, 9 millones de pesos.<\/p>\n<p>Las obras mencionadas corresponden al Programa Nacional 3000 Jardines que quedaron paralizadas con importantes niveles de avance. El financiamiento es nacional; y la provincia, a trav\u00e9s de la Unidad Ejecutora Provincial, lleva adelante el proceso administrativo, la licitaci\u00f3n de las obras y la inspecci\u00f3n de las mismas.<\/p>\n<p>El proyecto contempla la terminaci\u00f3n de las obras considerando que algunos de los trabajos ejecutados han sido afectados parciales o totalmente por la exposici\u00f3n a la intemperie. La Unidad Educativa de la ciudad de Gualeguay comprende seis salas con sus correspondientes sanitarios, un sal\u00f3n de usos m\u00faltiples, \u00e1reas de gobierno, cocina, dep\u00f3sito y los patios institucional y de juegos.<\/p>\n<p>En cuanto a la UENI de Villa Elisa, la construcci\u00f3n responde al prototipo de jard\u00edn de tres salas con sanitarios incluidos, SUM, cocina, dep\u00f3sito y patios.<\/p>\n<p>Las obras de terminaci\u00f3n y completamiento no solo se circunscriben a los edificios propiamente dichos, sino a todas aquellas tareas que hayan quedado inconclusas (como por ejemplo instalaciones, solados, parquizados, cerramientos, cercos, etc.); o de aquellas que, por su estado de obsolescencia debido al tiempo transcurrido, deban ser reemplazadas y ejecutadas nuevamente de manera completa.<\/p>\n<p>&nbsp;<\/p>\n<p><strong>Aportes<\/strong><\/p>\n<p>En la oportunidad se entregaron aportes por 500.000 pesos a la Biblioteca Mastronardi, de Gualeguay; a la comuna de Aldea Asunci\u00f3n, por 600.000 pesos; al Club Progreso por 40.000 pesos; y a La Olla S\u00f3fbol Club, por 40.000 pesos.<\/p>\n<p>Tambi\u00e9n estuvieron presentes en el acto, la esposa del gobernador Mariel \u00c1vila; el ministro de Planeamiento, Marcelo Richard; el secretario de Deportes, Jos\u00e9 G\u00f3mez; el senador provincial Francisco Morchio, la diputada provincial Paola Rubattino; el titular del Consejo General de Educaci\u00f3n, Mart\u00edn Muller; el responsable de la Unidad Ejecutora Provincial, Cristian Treppo; y el director del establecimiento educativo, Renato Frizzo.<\/p>\n","protected":false},"excerpt":{"rendered":"<p>El gobernador Gustavo Bordet confi\u00f3 en que \u201cpodamos tener un ciclo lectivo en 2021 en forma presencial, en lo cual pondremos todo el esfuerzo\u201d en la infraestructura educativa a trav\u00e9s del Plan Verano y los acuerdos salariales &nbsp; &nbsp; Bordet formul\u00f3 estos conceptos durante el acto que encabez\u00f3 en Gualeguay, junto a la vicegobernadora Laura Stratta y a la intendenta Ver\u00f3nica Berisso, donde inaugur\u00f3 las obras de reforma integral y ampliaci\u00f3n de la escuela N\u00ba 76 Soldado J. G\u00f3mez, que demandaron una inversi\u00f3n de 20 millones de pesos; y particip\u00f3&#8230;<\/p>\n","protected":false},"author":3,"featured_media":69762,"comment_status":"closed","ping_status":"closed","sticky":false,"template":"","format":"standard","meta":[],"categories":[9,15],"tags":[],"_links":{"self":[{"href":"https:\/\/www.actualidadadiario.com\/index.php\/wp-json\/wp\/v2\/posts\/69761"}],"collection":[{"href":"https:\/\/www.actualidadadiario.com\/index.php\/wp-json\/wp\/v2\/posts"}],"about":[{"href":"https:\/\/www.actualidadadiario.com\/index.php\/wp-json\/wp\/v2\/types\/post"}],"author":[{"embeddable":true,"href":"https:\/\/www.actualidadadiario.com\/index.php\/wp-json\/wp\/v2\/users\/3"}],"replies":[{"embeddable":true,"href":"https:\/\/www.actualidadadiario.com\/index.php\/wp-json\/wp\/v2\/comments?post=69761"}],"version-history":[{"count":1,"href":"https:\/\/www.actualidadadiario.com\/index.php\/wp-json\/wp\/v2\/posts\/69761\/revisions"}],"predecessor-version":[{"id":69763,"href":"https:\/\/www.actualidadadiario.com\/index.php\/wp-json\/wp\/v2\/posts\/69761\/revisions\/69763"}],"wp:featuredmedia":[{"embeddable":true,"href":"https:\/\/www.actualidadadiario.com\/index.php\/wp-json\/wp\/v2\/media\/69762"}],"wp:attachment":[{"href":"https:\/\/www.actualidadadiario.com\/index.php\/wp-json\/wp\/v2\/media?parent=69761"}],"wp:term":[{"taxonomy":"category","embeddable":true,"href":"https:\/\/www.actualidadadiario.com\/index.php\/wp-json\/wp\/v2\/categories?post=69761"},{"taxonomy":"post_tag","embeddable":true,"href":"https:\/\/www.actualidadadiario.com\/index.php\/wp-json\/wp\/v2\/tags?post=69761"}],"curies":[{"name":"wp","href":"https:\/\/api.w.org\/{rel}","templated":true}]}}