{"id":69716,"date":"2020-12-10T11:39:33","date_gmt":"2020-12-10T14:39:33","guid":{"rendered":"https:\/\/www.actualidadadiario.com\/?p=69716"},"modified":"2020-12-10T11:39:33","modified_gmt":"2020-12-10T14:39:33","slug":"provincia-por-provincia-como-esta-la-situacion-del-coronavirus-hoy","status":"publish","type":"post","link":"https:\/\/www.actualidadadiario.com\/index.php\/2020\/12\/10\/provincia-por-provincia-como-esta-la-situacion-del-coronavirus-hoy\/","title":{"rendered":"Provincia por provincia: c\u00f3mo est\u00e1 la situaci\u00f3n del coronavirus hoy"},"content":{"rendered":"<p style=\"text-align: center;\"><em><strong>La ca\u00edda generalizada de contagios y muertes por Covid-19 en el pa\u00eds se replica en cada provincia en forma sostenida. Las autoridades apelan a la responsabilidad social y piden que &#8220;no se relajen las medidas preventivas&#8221; durante el verano<\/strong><\/em><\/p>\n<p>&nbsp;<\/p>\n<p>&nbsp;<\/p>\n<p>El subsecretario de Atenci\u00f3n Integral de la Salud de la ciudad bonaerense de Bah\u00eda Blanca, Ezequiel Jouglard, se\u00f1al\u00f3 que la baja generalizada de los casos &#8220;seguramente tiene que ver con alguna cuesti\u00f3n clim\u00e1tica no solamente del comportamiento viral, que tiene que ver con condiciones de temperatura y humedad que propician el contagio, pero por otro lado y m\u00e1s importante es el tema de las actividades al aire libre&#8221;.<\/p>\n<p>&#8220;Por eso es importante seguir reforzando todas las medidas tendientes a la no aglomeraci\u00f3n de personas que modifiquen estas condiciones de actividad al aire libre y ventilaci\u00f3n esperando lo que pueda llegar a hacer la vacunaci\u00f3n&#8221;, a\u00f1adi\u00f3 el funcionario municipal.<\/p>\n<p>&nbsp;<\/p>\n<p><strong>C\u00f3rdoba<\/strong><\/p>\n<p>De acuerdo a un relevamiento, C\u00f3rdoba es una de las provincias que contin\u00faa en pleno descenso de casos de Covid-19 y, seg\u00fan el \u00faltimo informe sanitario, la cantidad de nuevos contagios se redujo el 37 % respecto de la semana anterior, ya que en los \u00faltimo 7 d\u00edas se registraron 4.433 nuevos casos, 2414 menos que en el periodo anterior.<\/p>\n<p>Ayer, se conocieron 262 casos nuevos, muy distante del d\u00eda con m\u00e1s contagios contabilizados, que data del 1 de octubre cuando se notificaron 2.176 positivos en 24 horas. En cuanto a los fallecidos, en noviembre hubo 498 lo que indica que baj\u00f3 respecto a octubre, que tuvo 906 decesos, lo que significa el 47% de los fallecimientos totales que ascendieron a 2.044.<\/p>\n<p>&nbsp;<\/p>\n<p><strong>Mendoza<\/strong><\/p>\n<p>En Mendoza, el \u00faltimo fin de semana largo marc\u00f3 4 d\u00edas consecutivos con menos de 100 casos informados, situaci\u00f3n que se registr\u00f3 por primera vez luego de cuatro meses con 70, 39, 38 y 17 nuevos casos positivos diarios; mientras que desde el lunes hubo solo 2 fallecidos, seg\u00fan el Ministerio de Salud. El pico de contagios diarios se dio el 21 de octubre, cuando confirmaron 973 casos. Luego, comenz\u00f3 a evidenciarse el amesetamiento.<\/p>\n<p>Por otro lado, desde hace unos d\u00edas se puede ingresar &#8220;sin restricciones&#8221; a la provincia que aguarda la autorizaci\u00f3n nacional la llegada de turismo extranjero. Solo est\u00e1n habilitadas, hasta ahora, reuniones sociales con hasta 15 personas en espacios p\u00fablicos al aire libre cumpliendo con los protocolos sanitarios.<\/p>\n<p>&nbsp;<\/p>\n<p><strong>Santa Fe<\/strong><\/p>\n<p>En Santa Fe, los n\u00fameros muestran una curva descendente desde hace m\u00e1s de un mes, en gran parte influida por la ca\u00edda de contagios en Rosario. La merma de casos llev\u00f3 las cifras de la provincia a menos de 1.000 casos diarios desde el viernes, lo que se contrapone con lo que suced\u00eda en noviembre, cuando los casos por jornada estaban cerca de los 2.000.<\/p>\n<p>Esa ca\u00edda se da en el marco del Distanciamiento Social y un paulatino regreso de diversas actividades, como la celebraci\u00f3n de misas y otros encuentros religiosos ya no tienen el l\u00edmite de 30 personas, incluso en lugares cerrados.<\/p>\n<p>El n\u00famero de muertes pas\u00f3 de 75 diarias en noviembre a 20 en los primeros ocho d\u00edas de diciembre, con 21 ayer, seg\u00fan el \u00faltimo reporte disponible.<\/p>\n<p>El secretario de Salud de Rosario, Leonardo Caruana, advirti\u00f3 que pese a la baja de casos &#8220;la relajaci\u00f3n no es amiga de la curva de contagios&#8221;.<\/p>\n<p>&nbsp;<\/p>\n<p><strong>Provincia de Buenos Aires<\/strong><\/p>\n<p>A diferencia de las bajas sostenidas en esas tres provincias, en el caso de Buenos Aires se report\u00f3 una disminuci\u00f3n en el ritmo de la ca\u00edda de contagios a ra\u00edz del &#8220;relajamiento&#8221; en las medidas de higiene y distanciamiento social, advirti\u00f3 el investigador del CONICET Rodrigo Quiroga.<\/p>\n<p>El bioinform\u00e1tico que integra el Consejo Epidemiol\u00f3gico del gobierno bonaerense explic\u00f3 a radio Provincia que &#8220;la velocidad a la que ven\u00edan d\u00e1ndose las bajas de los contagios se ha frenado bastante estas \u00faltimas semanas y eso tiene que ver con el relajamiento de los cuidados&#8221;, aunque destac\u00f3 que &#8220;ahora, la estacionalidad nos ayuda. Eso, m\u00e1s la cantidad de infectados que tenemos, los cuidados y restricciones nos alcanza para que los casos sigan bajando&#8221;.<\/p>\n<p>Los casos registrados en toda la provincia ascendieron a 630.006 tras confirmarse 836 nuevos contagios en las \u00faltimas 24 horas, inform\u00f3 este mi\u00e9rcoles el Ministerio de Salud provincial. Y, precis\u00f3 que se registraron 3.591 casos por cada 100.000 habitantes, en tanto que 548.963 personas ya se recuperaron y recibieron el alta.<\/p>\n<p>En la provincia fallecieron 21.084 personas desde que empez\u00f3 la pandemia y del total de casos, el 74,4 % fueron contagios comunitarios, 13,9 % por contacto estrecho con casos confirmados; el 6,1 % est\u00e1 en investigaci\u00f3n la causa; 4,8 % son trabajadores de salud y 0,8 % casos son importados, indic\u00f3 el informe.<\/p>\n<p>En Bah\u00eda Blanca, el subsecretario de Atenci\u00f3n Integral de la Salud Municipal, Ezequiel Jouglard, dijo a T\u00e9lam que desde &#8220;hace cinco o seis semanas&#8221; observan &#8220;una disminuci\u00f3n sostenida de casos&#8221; que en la ciudad fue &#8220;en las \u00faltimas dos semanas mucho m\u00e1s notorio, con un promedio por debajo de 50 casos cuando en noviembre est\u00e1bamos cerca de los 100&#8221;.<\/p>\n<p>&nbsp;<\/p>\n<p><strong>San Juan<\/strong><\/p>\n<p>San Juan muestra desde hace un mes una baja de contagios por Covid-19 con respecto a meses anteriores, donde los casos por d\u00eda se contaban en miles y el promedio se ubic\u00f3 desde noviembre en 150 positivos diarios.<\/p>\n<p>Seg\u00fan autoridades de Salud P\u00fablica provincial, San Juan sumaba hasta ayer 12.500 confirmados de Covid-19, de los cuales casi 9.000 se recuperaron, pero todos los d\u00edas se suman entre 5 y 7 personas fallecidas, lo que eleva la cantidad de muertos a 280.<\/p>\n<p>Con circulaci\u00f3n viral comunitaria, la provincia flexibiliz\u00f3 los ingresos y desde la semana pasada, no se exige un PCR negativo para ingresar en los controles fronterizos y en varios centros de salud se hacen hisopados a quienes tienen s\u00edntomas.<\/p>\n<p>&nbsp;<\/p>\n<p><strong>La Pampa<\/strong><\/p>\n<p>En La Pampa, tras varios brotes de contagios en las localidades de Catril\u00f3, Intendente Alvear y Santa Rosa, los niveles de contagio se mantienen bajos por lo que sigue en Fase 5 de distanciamiento, con 98 % de actividades habilitadas, como el turismo interno e ingresos a la provincia sin cuarentena.<\/p>\n<p>Recientemente se report\u00f3 un brote en la colonia Menonita de Guatrach\u00e9 y el subsecretario de Salud, Gustavo Vera, confirm\u00f3 a T\u00e9lam &#8220;est\u00e1 controlado&#8221; tras la intervenci\u00f3n de un equipo de salud de la provincia y la habilitaci\u00f3n de un hospital de campa\u00f1a para testeos y derivaciones.<\/p>\n<p>&nbsp;<\/p>\n<p><strong>San Luis<\/strong><\/p>\n<p>En San Luis, la referente del Plan Nacional Covid- 19, Graciela Sarmiento, e integrante del Comit\u00e9 de Crisis local, dijo este mi\u00e9rcoles a T\u00e9lam, que los casos &#8220;bajaron mucho y la situaci\u00f3n epidemiol\u00f3gica mejor\u00f3 sensiblemente&#8221; y pidi\u00f3 sostener la estrategia de &#8220;testeos masivos voluntarios y aislamientos, que permiti\u00f3 controlar el brote y ubicar a la provincia por debajo de la media nacional, con respecto a la tasa de incidencia&#8221;.<\/p>\n<p>La funcionaria aclar\u00f3 que San Luis &#8220;al 31 de octubre la tasa de testeos fue de 110 casos cada mill\u00f3n de habitantes, en tres meses; frente a los 66 mil casos sobre un mill\u00f3n que se testeaban en el pa\u00eds, en 9 meses&#8221; y asegur\u00f3 que fue &#8220;esto lo que permiti\u00f3 controlar el brote&#8221;.<\/p>\n<p>Indic\u00f3 que &#8220;el \u00edndice de mortalidad en San Luis, es de 51 pacientes sobre 100 mil&#8221;, lo que la ubica en el &#8220;15\u00b0 puesto&#8221;, en el ranking de contagios y solicit\u00f3 que la poblaci\u00f3n &#8220;no se relaje con las medidas preventivas&#8221; ya que el verano involucra mayores grados de circulaci\u00f3n de personas y por ende crece la posibilidad de aumentar los contagios.<\/p>\n<p>&nbsp;<\/p>\n<p><strong>Tierra del Fuego<\/strong><\/p>\n<p>En el extremo sur del pa\u00eds, Tierra del Fuego mantiene un promedio alto de contagios en relaci\u00f3n a su poblaci\u00f3n, aunque registra una curva descendente en R\u00edo Grande, la ciudad que estuvo m\u00e1s comprometida durante la pandemia.<\/p>\n<p>La ministra de Salud, Judit Di Giglio, precis\u00f3 que en el distrito riograndense se pas\u00f3 de &#8220;un pico de 1370 casos en una semana, a menos de 400&#8221;.<\/p>\n<p>&#8220;No tomamos los partes diarios sino los datos por semana, que son los que marcan la evoluci\u00f3n de la curva. Y all\u00ed se evidencia una merma de contagios. Esto se refleja en la situaci\u00f3n hospitalaria, no tanto en terapia intensiva pero s\u00ed en el \u00e1rea de cl\u00ednica m\u00e9dica&#8221;, se\u00f1al\u00f3 la ministra a medios fueguinos.<\/p>\n<p>Desde el inicio de la pandemia, la provincia registraba 255 muertos, con 17.114 casos positivos, sobre una poblaci\u00f3n de unos 180 mil habitantes.<\/p>\n<p>&nbsp;<\/p>\n<p><strong>Santiago del Estero<\/strong><\/p>\n<p>En Santiago del Estero, seg\u00fan el Comit\u00e9 de Emergencia, la ocupaci\u00f3n de camas Covid19 baj\u00f3 al 38 % y de leves y moderados a 46 % y &#8220;los \u00edndices de contagio vienen bajando por la contenci\u00f3n que se est\u00e1 haciendo del virus&#8221;, dijo la ministra de Salud de la provincia, Natividad Nassif.<\/p>\n<p>&#8220;Cada brote que fue apareciendo, fuimos quebrando la cadena de contagios y la poblaci\u00f3n va teniendo una sensibilidad especial frente al riesgo por lo que trata de minimizarlo consigo misma y con los dem\u00e1s&#8221;, puntualiz\u00f3.<\/p>\n<p>Esto se suma a &#8220;todo el proceso de detecci\u00f3n que estamos haciendo en \u00e1mbitos territoriales a trav\u00e9s de las Unidades Primarias de Atenci\u00f3n y de nuestros hospitales y postas sanitarias en el interior&#8221;, a\u00f1adi\u00f3.<\/p>\n<p>Ante la situaci\u00f3n epidemiol\u00f3gica, el COE flexibiliz\u00f3 algunas actividades, ya que desde el s\u00e1bado la circulaci\u00f3n de las personas se extendi\u00f3 hasta las 2 de la madrugada, se permiti\u00f3 reuniones familiares hasta 12 personas, el turf, v\u00f3ley, b\u00e1squet, futbol 5, hockey y rugby y se autorizaron n\u00fameros art\u00edsticos en bares y restaurantes, cine, teatro, y el turismo interno y nacional.<\/p>\n<p>&nbsp;<\/p>\n<p><strong>Tucum\u00e1n<\/strong><\/p>\n<p>En Tucum\u00e1n, con 64.742 casos desde que estall\u00f3 la pandemia ya recibieron el alta 60.322 personas, mientras que la capital provincial (45 casos) y Taf\u00ed Viejo (37) siguen siendo las ciudades m\u00e1s afectadas, aunque con cifras mucho m\u00e1s bajas que las registradas dos meses atr\u00e1s.<\/p>\n<p>&nbsp;<\/p>\n<p><strong>Jujuy<\/strong><\/p>\n<p>En Jujuy, desde el \u00faltimo domingo 29 rige en todas las localidades el DISPO, en atenci\u00f3n a que hoy solo se registra transmisi\u00f3n viral del Covid-19 por conglomerados reducidos, seg\u00fan las autoridades provinciales. En la \u00faltima semana se confirmaron un promedio de 3,5 casos por d\u00eda y casi no hubo muertes, aunque los n\u00fameros totales superan los 18.300 contagios desde el inicio de la pandemia y son m\u00e1s de 840 los fallecidos.<\/p>\n<p>Corrientes registr\u00f3 en las \u00faltimas 24 horas 104 nuevos contagios por Covid-19 y cuenta actualmente con 1.040 casos activos, de los cuales 132 permanecen internados en el hospital de campa\u00f1a. En lo que va de la pandemia la provincia sum\u00f3 10.801 contagios, en tanto que el registro oficial indica que murieron 194 personas que cursaban la enfermedad.<\/p>\n<p>&nbsp;<\/p>\n<p><strong>Entre R\u00edos<\/strong><\/p>\n<p>En Entre R\u00edos, las ciudades de Concordia, Paran\u00e1 y Gualeguaych\u00fa contin\u00faan como zonas de transmisi\u00f3n comunitaria sostenida; mientras que Concepci\u00f3n del Uruguay y Chajar\u00ed figuran como zonas con casos confirmados de posible transmisi\u00f3n comunitaria.<\/p>\n<p>&nbsp;<\/p>\n<p><strong>Chubut<\/strong><\/p>\n<p>Chubut super\u00f3 los 29.100 casos de Covid-19 con 423 fallecidos desde que se declar\u00f3 la pandemia y llega a un amesetamiento de la curva de contagios, de acuerdo a la evoluci\u00f3n que reflejan los 276 reportes diarios que se emitieron hasta el momento con cifras de la situaci\u00f3n epidemiol\u00f3gica.<\/p>\n<p>El ministro de Salud provincial, Fabi\u00e1n Puratich, aclar\u00f3 que &#8220;cada comunidad tiene su propia evoluci\u00f3n porque en algunas est\u00e1n disminuyendo los casos, en otras se mantienen y en otras estamos con alta ocupaci\u00f3n de camas de terapia intensiva&#8221;.<\/p>\n<p>La ciudad que menos sinti\u00f3 el impacto de la pandemia fue la cordillerana Esquel, donde &#8220;existe una consciencia mucho m\u00e1s fuerte de lo que es un brote porque ellos sufrieron el hantavirus y saben lo que significa el cuidado personal&#8221;, se\u00f1al\u00f3 el ministro Puratich.<\/p>\n<p>&nbsp;<\/p>\n<p><strong>Neuqu\u00e9n<\/strong><\/p>\n<p>En Neuqu\u00e9n, seg\u00fan el Comit\u00e9 de Emergencia Provincial, los contagios desde que se inici\u00f3 la pandemia fueron 35.738, con 763 fallecidos, 1.800 casos activos y 33.175 que ya se recuperaron, mientras que la ocupaci\u00f3n de unidades de terapia intensiva (UTI) es del 67%.<\/p>\n<p>Actualmente todo el territorio neuquino se encuentra en Distanciamiento Social, Preventivo y Obligatorio con un tiempo de duplicaci\u00f3n de los casos de 125,9 d\u00edas.<\/p>\n<p>&nbsp;<\/p>\n<p><strong>Salta<\/strong><\/p>\n<p>En Salta, hubo 21.212 casos de coronavirus, de los cuales 18.786, o sea un 89%, se recuperaron, mientras que 83 pacientes segu\u00edan internados en terapia intensiva, seg\u00fan los reportes diarios del Gobierno salte\u00f1o.<\/p>\n<p>Desde el inicio de la pandemia fallecieron 997 personas con coronavirus y desde el 5 de diciembre no se registraron nuevas muertes. A partir de noviembre, la cantidad de casos comenz\u00f3 lentamente a descender, mientras que en los \u00faltimos cuatro d\u00edas no se registraron decesos por coronavirus, y ayer fueron solo seis los casos de la enfermedad, en toda la provincia, el menor n\u00famero desde los primeros d\u00edas de agosto.<\/p>\n<p>&nbsp;<\/p>\n<p><strong>R\u00edo Negro<\/strong><\/p>\n<p>En R\u00edo Negro, la gobernadora Arabela Carreras resalt\u00f3 que observaban &#8220;una fuerte ca\u00edda en la cantidad de casos en la provincia, llevamos casi siete semanas consecutivas en descensos de casos&#8221; y acot\u00f3 que &#8220;adem\u00e1s llevamos varios d\u00edas sin que se registren fallecimientos&#8221;.<\/p>\n<p>Con 2.113 infectados actualmente y 29.608 personas ya recuperadas desde que inici\u00f3 la pandemia, todos los departamentos, a excepci\u00f3n de Bariloche y Dina Huapi, se encuentran en la fase de Distanciamiento Social Preventivo y Obligatorio hasta el 20 de diciembre.<\/p>\n<p>El \u00faltimo parte sanitario indic\u00f3 que en las \u00faltimas 24 horas unas 145 personas se contagiaron mientras que otras 251 fueron dadas de alta, por lo que baj\u00f3 en m\u00e1s de 100 casos el \u00edndice de activos.<\/p>\n","protected":false},"excerpt":{"rendered":"<p>La ca\u00edda generalizada de contagios y muertes por Covid-19 en el pa\u00eds se replica en cada provincia en forma sostenida. Las autoridades apelan a la responsabilidad social y piden que &#8220;no se relajen las medidas preventivas&#8221; durante el verano &nbsp; &nbsp; El subsecretario de Atenci\u00f3n Integral de la Salud de la ciudad bonaerense de Bah\u00eda Blanca, Ezequiel Jouglard, se\u00f1al\u00f3 que la baja generalizada de los casos &#8220;seguramente tiene que ver con alguna cuesti\u00f3n clim\u00e1tica no solamente del comportamiento viral, que tiene que ver con condiciones de temperatura y humedad que&#8230;<\/p>\n","protected":false},"author":3,"featured_media":69717,"comment_status":"closed","ping_status":"closed","sticky":false,"template":"","format":"standard","meta":[],"categories":[9],"tags":[],"_links":{"self":[{"href":"https:\/\/www.actualidadadiario.com\/index.php\/wp-json\/wp\/v2\/posts\/69716"}],"collection":[{"href":"https:\/\/www.actualidadadiario.com\/index.php\/wp-json\/wp\/v2\/posts"}],"about":[{"href":"https:\/\/www.actualidadadiario.com\/index.php\/wp-json\/wp\/v2\/types\/post"}],"author":[{"embeddable":true,"href":"https:\/\/www.actualidadadiario.com\/index.php\/wp-json\/wp\/v2\/users\/3"}],"replies":[{"embeddable":true,"href":"https:\/\/www.actualidadadiario.com\/index.php\/wp-json\/wp\/v2\/comments?post=69716"}],"version-history":[{"count":1,"href":"https:\/\/www.actualidadadiario.com\/index.php\/wp-json\/wp\/v2\/posts\/69716\/revisions"}],"predecessor-version":[{"id":69718,"href":"https:\/\/www.actualidadadiario.com\/index.php\/wp-json\/wp\/v2\/posts\/69716\/revisions\/69718"}],"wp:featuredmedia":[{"embeddable":true,"href":"https:\/\/www.actualidadadiario.com\/index.php\/wp-json\/wp\/v2\/media\/69717"}],"wp:attachment":[{"href":"https:\/\/www.actualidadadiario.com\/index.php\/wp-json\/wp\/v2\/media?parent=69716"}],"wp:term":[{"taxonomy":"category","embeddable":true,"href":"https:\/\/www.actualidadadiario.com\/index.php\/wp-json\/wp\/v2\/categories?post=69716"},{"taxonomy":"post_tag","embeddable":true,"href":"https:\/\/www.actualidadadiario.com\/index.php\/wp-json\/wp\/v2\/tags?post=69716"}],"curies":[{"name":"wp","href":"https:\/\/api.w.org\/{rel}","templated":true}]}}