{"id":69710,"date":"2020-12-08T12:51:11","date_gmt":"2020-12-08T15:51:11","guid":{"rendered":"https:\/\/www.actualidadadiario.com\/?p=69710"},"modified":"2020-12-08T12:51:11","modified_gmt":"2020-12-08T15:51:11","slug":"la-world-rugby-tambien-critico-los-mensajes-racistas-de-matera-petti-y-socino","status":"publish","type":"post","link":"https:\/\/www.actualidadadiario.com\/index.php\/2020\/12\/08\/la-world-rugby-tambien-critico-los-mensajes-racistas-de-matera-petti-y-socino\/","title":{"rendered":"La World Rugby tambi\u00e9n critic\u00f3 los mensajes racistas de Matera, Petti y Socino"},"content":{"rendered":"<p style=\"text-align: center;\"><em><strong>&#8220;Claramente los comentarios, o cualquier forma de discriminaci\u00f3n, son inaceptables y completamente opuestos a los valores fuertes, universales e inclusivos que la familia del rugby aspira a vivir y defender&#8221;, se\u00f1al\u00f3 el organismo<\/strong><\/em><\/p>\n<p>&nbsp;<\/p>\n<p>&nbsp;<\/p>\n<p>La World Rugby (WR), m\u00e1ximo organismo mundial del rugby, consider\u00f3 que los mensajes racistas escritos hace ocho a\u00f1os por los jugadores de Los Pumas, Pablo Matera, Guido Petti y Santiago Socino, son &#8220;inaceptables&#8221; y opuestos a &#8220;los valores de la familia del rugby&#8221;.<\/p>\n<p>En un comunicado, el organismo se\u00f1al\u00f3: &#8220;Claramente los comentarios, o cualquier forma de discriminaci\u00f3n, son inaceptables y completamente opuestos a los valores fuertes, universales e inclusivos que la familia del rugby aspira a vivir y defender. Simplemente no hay lugar para ellos, y tal comportamiento justifica con raz\u00f3n una investigaci\u00f3n completa y adecuada&#8221;.<\/p>\n<p>La WR, en su sitio oficial, adem\u00e1s le solicit\u00f3 a la Uni\u00f3n Argentina (UAR) que le mantenga informado sobre el rumbo del &#8220;proceso que est\u00e1 llevando a cabo&#8221; luego de que trascendieran los dichos discriminatorios y racistas expresados por los tres jugadores en las redes sociales a\u00f1os atr\u00e1s, que generaron un repudio generalizado en diversos \u00e1mbitos.<\/p>\n<p>&#8220;La WR agradece los informes de que la UAR contin\u00faa llevando a cabo en una investigaci\u00f3n completa sobre los comentarios racistas en las redes sociales atribuidos a miembros del seleccionado. WR actualmente busca una mejor comprensi\u00f3n del proceso que est\u00e1 llevando a cabo la UAR y su estado y espera recibir una actualizaci\u00f3n completa&#8221;, se\u00f1al\u00f3 la notificaci\u00f3n del organismo, difundida el lunes.<\/p>\n<p>Finalmente, el ente, con sede en Irlanda, agreg\u00f3: &#8220;El rugby debe continuar uni\u00e9ndose contra el racismo a trav\u00e9s de acciones, no solo palabras, dar un ejemplo positivo a la sociedad y avanzar fortalecido por nuestra inclusi\u00f3n y diversidad&#8221;.<\/p>\n<p>Los tres jugadores fueron sancionados e inhabilitados la semana pasada, incluso a Matera le fue quitada la capitan\u00eda, pero 48 horas despu\u00e9s la UAR levant\u00f3 la medida a la espera de iniciar las investigaciones y le restituy\u00f3 el rol de capit\u00e1n a la tercera l\u00ednea.<\/p>\n","protected":false},"excerpt":{"rendered":"<p>&#8220;Claramente los comentarios, o cualquier forma de discriminaci\u00f3n, son inaceptables y completamente opuestos a los valores fuertes, universales e inclusivos que la familia del rugby aspira a vivir y defender&#8221;, se\u00f1al\u00f3 el organismo &nbsp; &nbsp; La World Rugby (WR), m\u00e1ximo organismo mundial del rugby, consider\u00f3 que los mensajes racistas escritos hace ocho a\u00f1os por los jugadores de Los Pumas, Pablo Matera, Guido Petti y Santiago Socino, son &#8220;inaceptables&#8221; y opuestos a &#8220;los valores de la familia del rugby&#8221;. En un comunicado, el organismo se\u00f1al\u00f3: &#8220;Claramente los comentarios, o cualquier forma&#8230;<\/p>\n","protected":false},"author":3,"featured_media":69711,"comment_status":"closed","ping_status":"closed","sticky":false,"template":"","format":"standard","meta":[],"categories":[4],"tags":[],"_links":{"self":[{"href":"https:\/\/www.actualidadadiario.com\/index.php\/wp-json\/wp\/v2\/posts\/69710"}],"collection":[{"href":"https:\/\/www.actualidadadiario.com\/index.php\/wp-json\/wp\/v2\/posts"}],"about":[{"href":"https:\/\/www.actualidadadiario.com\/index.php\/wp-json\/wp\/v2\/types\/post"}],"author":[{"embeddable":true,"href":"https:\/\/www.actualidadadiario.com\/index.php\/wp-json\/wp\/v2\/users\/3"}],"replies":[{"embeddable":true,"href":"https:\/\/www.actualidadadiario.com\/index.php\/wp-json\/wp\/v2\/comments?post=69710"}],"version-history":[{"count":1,"href":"https:\/\/www.actualidadadiario.com\/index.php\/wp-json\/wp\/v2\/posts\/69710\/revisions"}],"predecessor-version":[{"id":69712,"href":"https:\/\/www.actualidadadiario.com\/index.php\/wp-json\/wp\/v2\/posts\/69710\/revisions\/69712"}],"wp:featuredmedia":[{"embeddable":true,"href":"https:\/\/www.actualidadadiario.com\/index.php\/wp-json\/wp\/v2\/media\/69711"}],"wp:attachment":[{"href":"https:\/\/www.actualidadadiario.com\/index.php\/wp-json\/wp\/v2\/media?parent=69710"}],"wp:term":[{"taxonomy":"category","embeddable":true,"href":"https:\/\/www.actualidadadiario.com\/index.php\/wp-json\/wp\/v2\/categories?post=69710"},{"taxonomy":"post_tag","embeddable":true,"href":"https:\/\/www.actualidadadiario.com\/index.php\/wp-json\/wp\/v2\/tags?post=69710"}],"curies":[{"name":"wp","href":"https:\/\/api.w.org\/{rel}","templated":true}]}}