{"id":69707,"date":"2020-12-08T12:50:20","date_gmt":"2020-12-08T15:50:20","guid":{"rendered":"https:\/\/www.actualidadadiario.com\/?p=69707"},"modified":"2020-12-08T12:50:20","modified_gmt":"2020-12-08T15:50:20","slug":"alemania-no-logra-controlar-el-coronavirus-y-podria-imponer-un-bloqueo-mas-estricto","status":"publish","type":"post","link":"https:\/\/www.actualidadadiario.com\/index.php\/2020\/12\/08\/alemania-no-logra-controlar-el-coronavirus-y-podria-imponer-un-bloqueo-mas-estricto\/","title":{"rendered":"Alemania no logra controlar el coronavirus y podr\u00eda imponer un bloqueo m\u00e1s estricto"},"content":{"rendered":"<p style=\"text-align: center;\"><em><strong>El Instituto Robert Koch dijo que el pa\u00eds tuvo un promedio de 147,2 infecciones por cada 100.000 personas los \u00faltimos siete d\u00edas, muy por encima de la meta del Gobierno de reducirlas a 50 por cada 100.000<\/strong><\/em><\/p>\n<p>&nbsp;<\/p>\n<p>&nbsp;<\/p>\n<p>Los casos de coronavirus por cada 100.000 habitantes en Alemania alcanzaron un r\u00e9cord y casi triplican la meta declarada por el Gobierno para levantar el confinamiento parcial, seg\u00fan el organismo alem\u00e1n para el control de las enfermedades infecciosas.<\/p>\n<p>El Instituto Robert Koch (RKI) dijo que Alemania tuvo un promedio de 147,2 infecciones por cada 100.000 personas los \u00faltimos siete d\u00edas, muy por encima de la meta del Gobierno de reducirlas a 50 por cada 100.000.<\/p>\n<p>Los niveles de propagaci\u00f3n del virus son alarmantes y r\u00e9cord nacional en el estado de Sajonia, donde se llega a 320 contagios por cada 100.000 habitantes en una semana, de acuerdo al RKI.<\/p>\n<p>Ante esta situaci\u00f3n, el Gobierno del estado del oeste de Alemania anunci\u00f3 que las escuelas y la mayor\u00eda de los comercios deber\u00e1n cerrar desde el pr\u00f3ximo lunes hasta el 10 de enero.<\/p>\n<p>La jefa de Gobierno alemana, la canciller Angela Merkel, extendi\u00f3 hasta el 10 de enero un confinamiento parcial en vigor desde el mes pasado y reiter\u00f3 que ser\u00e1 levantado cuando la tasa semanal de infecciones sea de 50 por 100.000 habitantes.<\/p>\n<p>El ministro de Salud, Jens Spahn, dijo anoche en la televisi\u00f3n p\u00fablica que podr\u00eda imponerse un bloqueo m\u00e1s estricto si no se logra romper la tendencia de la curva actual, pese a que el pa\u00eds ya prepara su campa\u00f1a de vacunaci\u00f3n contra el coronavirus.<\/p>\n<p>&#8220;Por lo tanto, ese m\u00e9todo de medidas breves, pero de amplio alcance para realmente marcar la diferencia es probablemente el m\u00e1s exitoso. Y si no progresamos en las pr\u00f3ximas una o dos semanas, al menos tenemos que debatir eso&#8221;, dijo Spahn.<\/p>\n<p>El ente regulador europeo tiene previsto adoptar una decisi\u00f3n el 29 de diciembre sobre la aprobaci\u00f3n del uso de una primera vacuna en el continente que, desde hace semanas, lidia con una fuerte segunda ola de casos de coronavirus que forz\u00f3 nuevas restricciones.<\/p>\n<p>El Gobierno alem\u00e1n anunci\u00f3 el lunes que la vacunaci\u00f3n contra el coronavirus empezar\u00e1 &#8220;en los primeros d\u00edas&#8221; del mes pr\u00f3ximo, y un panel de expertos recomend\u00f3 que los primeros en inmunizarse sean residentes de geri\u00e1tricos, adultos mayores y personal m\u00e9dico.<\/p>\n<p>Las restricciones actuales incluyen el cierre de restaurantes, bares y lugares de recreaci\u00f3n, pero algunas regiones con muchos casos piensan imitar a Sajonia y sumar medidas locales.<\/p>\n<p>Ese es el caso de Baviera, el estado m\u00e1s grande y rico y el segundo m\u00e1s poblado de Alemania, cuyo gobernador dijo el lunes que el confinamiento nacional no es suficiente para contener los contagios en esa zona del sur de Alemania.<\/p>\n<p>El gobernador Markus Soeder dijo que en los pr\u00f3ximos d\u00edas anunciar\u00e1 nuevas restricciones en Baviera.<\/p>\n<p>El RKI inform\u00f3 de 14.054 nuevas infecciones de coronavirus en las \u00faltimas 24 horas, inform\u00f3 la agencia de noticias alemana DPA.<\/p>\n<p>El pico de infecciones en un d\u00eda desde el comienzo de la pandemia en Alemania se alcanz\u00f3 el viernes 20 de noviembre, con 23.648 nuevos contagios.<\/p>\n<p>El RKI inform\u00f3 tambi\u00e9n que fueron reportadas 423 nuevas muertes en un d\u00eda.<\/p>\n<p>El mayor n\u00famero de fallecimientos relacionados con la Covid-19 registrados en un d\u00eda se alcanz\u00f3 el mi\u00e9rcoles pasado, cuando se reportaron 487 muertes.<\/p>\n<p>Este aumento de muertes diarias era de prever despu\u00e9s del fuerte incremento de nuevas infecciones.<\/p>\n<p>Alemania registr\u00f3 ya m\u00e1s de 1,19 millones de casos y 19.342 muertes.<\/p>\n","protected":false},"excerpt":{"rendered":"<p>El Instituto Robert Koch dijo que el pa\u00eds tuvo un promedio de 147,2 infecciones por cada 100.000 personas los \u00faltimos siete d\u00edas, muy por encima de la meta del Gobierno de reducirlas a 50 por cada 100.000 &nbsp; &nbsp; Los casos de coronavirus por cada 100.000 habitantes en Alemania alcanzaron un r\u00e9cord y casi triplican la meta declarada por el Gobierno para levantar el confinamiento parcial, seg\u00fan el organismo alem\u00e1n para el control de las enfermedades infecciosas. El Instituto Robert Koch (RKI) dijo que Alemania tuvo un promedio de 147,2&#8230;<\/p>\n","protected":false},"author":3,"featured_media":69708,"comment_status":"closed","ping_status":"closed","sticky":false,"template":"","format":"standard","meta":[],"categories":[4],"tags":[],"_links":{"self":[{"href":"https:\/\/www.actualidadadiario.com\/index.php\/wp-json\/wp\/v2\/posts\/69707"}],"collection":[{"href":"https:\/\/www.actualidadadiario.com\/index.php\/wp-json\/wp\/v2\/posts"}],"about":[{"href":"https:\/\/www.actualidadadiario.com\/index.php\/wp-json\/wp\/v2\/types\/post"}],"author":[{"embeddable":true,"href":"https:\/\/www.actualidadadiario.com\/index.php\/wp-json\/wp\/v2\/users\/3"}],"replies":[{"embeddable":true,"href":"https:\/\/www.actualidadadiario.com\/index.php\/wp-json\/wp\/v2\/comments?post=69707"}],"version-history":[{"count":1,"href":"https:\/\/www.actualidadadiario.com\/index.php\/wp-json\/wp\/v2\/posts\/69707\/revisions"}],"predecessor-version":[{"id":69709,"href":"https:\/\/www.actualidadadiario.com\/index.php\/wp-json\/wp\/v2\/posts\/69707\/revisions\/69709"}],"wp:featuredmedia":[{"embeddable":true,"href":"https:\/\/www.actualidadadiario.com\/index.php\/wp-json\/wp\/v2\/media\/69708"}],"wp:attachment":[{"href":"https:\/\/www.actualidadadiario.com\/index.php\/wp-json\/wp\/v2\/media?parent=69707"}],"wp:term":[{"taxonomy":"category","embeddable":true,"href":"https:\/\/www.actualidadadiario.com\/index.php\/wp-json\/wp\/v2\/categories?post=69707"},{"taxonomy":"post_tag","embeddable":true,"href":"https:\/\/www.actualidadadiario.com\/index.php\/wp-json\/wp\/v2\/tags?post=69707"}],"curies":[{"name":"wp","href":"https:\/\/api.w.org\/{rel}","templated":true}]}}