{"id":69698,"date":"2020-12-08T12:48:14","date_gmt":"2020-12-08T15:48:14","guid":{"rendered":"https:\/\/www.actualidadadiario.com\/?p=69698"},"modified":"2020-12-08T12:48:14","modified_gmt":"2020-12-08T15:48:14","slug":"noviembre-de-2020-fue-el-mes-mas-calido-registrado-en-el-mundo","status":"publish","type":"post","link":"https:\/\/www.actualidadadiario.com\/index.php\/2020\/12\/08\/noviembre-de-2020-fue-el-mes-mas-calido-registrado-en-el-mundo\/","title":{"rendered":"Noviembre de 2020 fue el mes m\u00e1s c\u00e1lido registrado en el mundo"},"content":{"rendered":"<p style=\"text-align: center;\"><em><strong>Seg\u00fan los an\u00e1lisis del servicio Copernicus coordinado por la Uni\u00f3n Europea, las temperaturas de ese mes fueron 0,77\u00baC m\u00e1s altas que en la media de los 30 a\u00f1os comprendidos entre 1981 y 2010, y superaron en 0,13\u00baC al anterior r\u00e9cord, alcanzado en 2016 y 2019<\/strong><\/em><\/p>\n<p>&nbsp;<\/p>\n<p>&nbsp;<\/p>\n<p>Noviembre de 2020 fue el mes de noviembre m\u00e1s caluroso jam\u00e1s registrado en el mundo, precis\u00f3 este lunes el servicio Copernicus<\/p>\n<p>coordinado por la Comisi\u00f3n Europea sobre el cambio clim\u00e1tico, con un promedio de 0,13 grados m\u00e1s alto que el r\u00e9cord anterior y 1,28 grados por encima de la era preindustrial.<\/p>\n<p>Seg\u00fan los an\u00e1lisis de este servicio, las temperaturas de noviembre de 2020 fueron 0,77\u00baC m\u00e1s altas que en la media de los 30 a\u00f1os comprendidos entre 1981 y 2010, y superaron en 0,13\u00baC al anterior r\u00e9cord, alcanzado en 2016 y 2019.<\/p>\n<p>El periodo de doce meses comprendido entre diciembre de 2019 y noviembre de 2020 present\u00f3 unas temperaturas 1,28\u00baC superiores a las de la era preindustrial, se\u00f1al\u00f3 Copernicus en su balance clim\u00e1tico mensual, consign\u00f3 la agencia de noticias AFP.<\/p>\n<p>De 2015 a 2020 fueron los seis a\u00f1os m\u00e1s calurosos jam\u00e1s registrados, una cifra que acerca al planeta al primer umbral fijado por el Acuerdo de Par\u00eds sobre el clima, que esta semana cumplir\u00e1 5 a\u00f1os.<\/p>\n<p>El pacto, firmado en 2015 por cerca de 200 Estados que se comprometieron a reducir sus emisiones de gases con efecto invernadero, persigue contener el aumento de las temperaturas por debajo de los 2\u00baC, y si fuera posible por debajo de 1,5\u00baC, para limitar el devastador impacto que tendr\u00edan las tormentas, sequ\u00edas y otros episodios.<\/p>\n<p>El planeta gana, de media, 0,2\u00baC cada d\u00e9cada desde finales de los a\u00f1os 1970, se\u00f1al\u00f3 Copernicus, el programa de Observaci\u00f3n de la Tierra de la Uni\u00f3n Europea.<\/p>\n<p>El calentamiento global est\u00e1 cerca de los 1,2\u00baC y 2020 no parece que vaya a invertir la tendencia, seg\u00fan esta organizaci\u00f3n.<\/p>\n<p>La Organizaci\u00f3n Meteorol\u00f3gica Mundial (OMM) anunci\u00f3 el mi\u00e9rcoles que 2020 se encontrar\u00eda en el podio de los a\u00f1os m\u00e1s c\u00e1lidos.<\/p>\n<p>Los datos provisionales lo sit\u00faan, de momento, en segundo puesto, por detr\u00e1s de 2016, pero la diferencia es tan poca que la clasificaci\u00f3n podr\u00eda cambiar.<\/p>\n<p>Al agregar los nuevos datos de noviembre, &#8220;2020 est\u00e1 todav\u00eda m\u00e1s cerca del r\u00e9cord de 2016&#8221;, anunci\u00f3 Copernicus.<\/p>\n<p>&#8220;Estos r\u00e9cords est\u00e1n en l\u00ednea con la tendencia, a largo plazo, del calentamiento del planeta&#8221;, declar\u00f3 Carlo Buontempo, director del servicio europeo Copernicus sobre el cambio clim\u00e1tico, quien inst\u00f3 a los dirigentes a &#8220;ver estos r\u00e9cords como se\u00f1ales de alarma y a buscar las mejores formas de respetar los compromisos del acuerdo de Par\u00eds&#8221;.<\/p>\n<p>Los activistas contra el cambio clim\u00e1tico esperan, adem\u00e1s, que la cumbre organizada este s\u00e1bado por la ONU y el Reino Unido con motivo del 5\u00ba aniversario del acuerdo de Par\u00eds sirva para dar un nuevo impulso a las metas marcadas para combatir el calentamiento global.<\/p>\n<p>Las temperaturas fueron especialmente altas en noviembre en Siberia, el oc\u00e9ano \u00c1rtico, parte de Europa del Norte y de Estados Unidos, Am\u00e9rica Latina y el oeste de la Ant\u00e1rtida.<\/p>\n<p>Buontempo se mostr\u00f3 preocupado por la banquisa del \u00c1rtico, que toc\u00f3 su segundo nivel m\u00e1s bajo, y pidi\u00f3 &#8220;una vigilancia global&#8221; de esa regi\u00f3n, &#8220;que se calienta cada vez m\u00e1s r\u00e1pido que el resto del mundo&#8221;.<\/p>\n<p>En tanto, Australia ya ha registrado su primera ola de calor, con 48 \u00baC en Andamooka, en Australia Meridional, y nuevos incendios forestales en la Isla Fraser, incluida en el patrimonio mundial de la Unesco.<\/p>\n<p>Por su parte, Europa vivi\u00f3 su oto\u00f1o m\u00e1s c\u00e1lido jam\u00e1s registrado, con unas temperaturas alrededor de 1,9\u00baC m\u00e1s altas que en el periodo de referencia, y 0,4\u00baC superiores al anterior r\u00e9cord, de oto\u00f1o de 2006.<\/p>\n<p>La base de datos de sat\u00e9lite de Copernicus para la observaci\u00f3n de las temperaturas se remonta a 1979, pero los datos convencionales terrestres y las informaciones de otras agencias no muestran ning\u00fan a\u00f1o m\u00e1s caluroso antes de 1979, desde la era preindustrial.<\/p>\n","protected":false},"excerpt":{"rendered":"<p>Seg\u00fan los an\u00e1lisis del servicio Copernicus coordinado por la Uni\u00f3n Europea, las temperaturas de ese mes fueron 0,77\u00baC m\u00e1s altas que en la media de los 30 a\u00f1os comprendidos entre 1981 y 2010, y superaron en 0,13\u00baC al anterior r\u00e9cord, alcanzado en 2016 y 2019 &nbsp; &nbsp; Noviembre de 2020 fue el mes de noviembre m\u00e1s caluroso jam\u00e1s registrado en el mundo, precis\u00f3 este lunes el servicio Copernicus coordinado por la Comisi\u00f3n Europea sobre el cambio clim\u00e1tico, con un promedio de 0,13 grados m\u00e1s alto que el r\u00e9cord anterior y&#8230;<\/p>\n","protected":false},"author":3,"featured_media":69699,"comment_status":"closed","ping_status":"closed","sticky":false,"template":"","format":"standard","meta":[],"categories":[4],"tags":[],"_links":{"self":[{"href":"https:\/\/www.actualidadadiario.com\/index.php\/wp-json\/wp\/v2\/posts\/69698"}],"collection":[{"href":"https:\/\/www.actualidadadiario.com\/index.php\/wp-json\/wp\/v2\/posts"}],"about":[{"href":"https:\/\/www.actualidadadiario.com\/index.php\/wp-json\/wp\/v2\/types\/post"}],"author":[{"embeddable":true,"href":"https:\/\/www.actualidadadiario.com\/index.php\/wp-json\/wp\/v2\/users\/3"}],"replies":[{"embeddable":true,"href":"https:\/\/www.actualidadadiario.com\/index.php\/wp-json\/wp\/v2\/comments?post=69698"}],"version-history":[{"count":1,"href":"https:\/\/www.actualidadadiario.com\/index.php\/wp-json\/wp\/v2\/posts\/69698\/revisions"}],"predecessor-version":[{"id":69700,"href":"https:\/\/www.actualidadadiario.com\/index.php\/wp-json\/wp\/v2\/posts\/69698\/revisions\/69700"}],"wp:featuredmedia":[{"embeddable":true,"href":"https:\/\/www.actualidadadiario.com\/index.php\/wp-json\/wp\/v2\/media\/69699"}],"wp:attachment":[{"href":"https:\/\/www.actualidadadiario.com\/index.php\/wp-json\/wp\/v2\/media?parent=69698"}],"wp:term":[{"taxonomy":"category","embeddable":true,"href":"https:\/\/www.actualidadadiario.com\/index.php\/wp-json\/wp\/v2\/categories?post=69698"},{"taxonomy":"post_tag","embeddable":true,"href":"https:\/\/www.actualidadadiario.com\/index.php\/wp-json\/wp\/v2\/tags?post=69698"}],"curies":[{"name":"wp","href":"https:\/\/api.w.org\/{rel}","templated":true}]}}