{"id":69692,"date":"2020-12-08T12:18:04","date_gmt":"2020-12-08T15:18:04","guid":{"rendered":"https:\/\/www.actualidadadiario.com\/?p=69692"},"modified":"2020-12-08T12:18:04","modified_gmt":"2020-12-08T15:18:04","slug":"diego-lucio-lara-jura-este-miercoles-como-nuevo-presidente-del-tribunal-de-cuentas","status":"publish","type":"post","link":"https:\/\/www.actualidadadiario.com\/index.php\/2020\/12\/08\/diego-lucio-lara-jura-este-miercoles-como-nuevo-presidente-del-tribunal-de-cuentas\/","title":{"rendered":"Diego Lucio Lara jura este mi\u00e9rcoles como nuevo presidente del Tribunal de Cuentas"},"content":{"rendered":"<p style=\"text-align: center;\"><em><strong>Con la presencia del gobernador Gustavo Bordet, el mi\u00e9rcoles 9 se llevar\u00e1 adelante el acto de asunci\u00f3n del Dr. Diego Lucio Lara como presidente del Tribunal de Cuentas de la Provincia. Ser\u00e1 transmitido por las redes sociales oficiales del Gobierno de la Provincia de Entre R\u00edos<\/strong><\/em><\/p>\n<p>&nbsp;<\/p>\n<p>&nbsp;<\/p>\n<p>Habiendo finalizado el proceso completo, del concurso de selecci\u00f3n de autoridades para el Tribunal de Cuentas de Entre R\u00edos, el pr\u00f3ximo mi\u00e9rcoles 9 de diciembre, se llevar\u00e1 a cabo el acto de toma de juramento del Dr. Diego Lucio Lara como presidente del organismo de control externo de la provincia.<\/p>\n<p>Tambi\u00e9n asumir\u00e1n la Cra. Mar\u00eda de los \u00c1ngeles Moia, como Vocal N\u00b02 del TCER; la Dra. Nanci Roc\u00edo Vinagre, como Fiscal de Cuentas N\u00ba 1 del TCER; la Dra. Mar\u00eda Cristina Federik, como Fiscal de Cuentas N\u00ba 2 del TCER; y el Cr. Fernando Roberto Lenard\u00f3n, como Fiscal de Cuentas N\u00ba 3 del TCER.<\/p>\n<p>El acto tendr\u00e1 lugar a las 8.30 horas en el Centro Provincial de Convenciones, y se transmitir\u00e1 de manera virtual por las redes sociales oficiales del Gobierno de la Provincia de Entre R\u00edos.<\/p>\n","protected":false},"excerpt":{"rendered":"<p>Con la presencia del gobernador Gustavo Bordet, el mi\u00e9rcoles 9 se llevar\u00e1 adelante el acto de asunci\u00f3n del Dr. Diego Lucio Lara como presidente del Tribunal de Cuentas de la Provincia. Ser\u00e1 transmitido por las redes sociales oficiales del Gobierno de la Provincia de Entre R\u00edos &nbsp; &nbsp; Habiendo finalizado el proceso completo, del concurso de selecci\u00f3n de autoridades para el Tribunal de Cuentas de Entre R\u00edos, el pr\u00f3ximo mi\u00e9rcoles 9 de diciembre, se llevar\u00e1 a cabo el acto de toma de juramento del Dr. Diego Lucio Lara como presidente&#8230;<\/p>\n","protected":false},"author":3,"featured_media":69693,"comment_status":"closed","ping_status":"closed","sticky":false,"template":"","format":"standard","meta":[],"categories":[15],"tags":[],"_links":{"self":[{"href":"https:\/\/www.actualidadadiario.com\/index.php\/wp-json\/wp\/v2\/posts\/69692"}],"collection":[{"href":"https:\/\/www.actualidadadiario.com\/index.php\/wp-json\/wp\/v2\/posts"}],"about":[{"href":"https:\/\/www.actualidadadiario.com\/index.php\/wp-json\/wp\/v2\/types\/post"}],"author":[{"embeddable":true,"href":"https:\/\/www.actualidadadiario.com\/index.php\/wp-json\/wp\/v2\/users\/3"}],"replies":[{"embeddable":true,"href":"https:\/\/www.actualidadadiario.com\/index.php\/wp-json\/wp\/v2\/comments?post=69692"}],"version-history":[{"count":1,"href":"https:\/\/www.actualidadadiario.com\/index.php\/wp-json\/wp\/v2\/posts\/69692\/revisions"}],"predecessor-version":[{"id":69694,"href":"https:\/\/www.actualidadadiario.com\/index.php\/wp-json\/wp\/v2\/posts\/69692\/revisions\/69694"}],"wp:featuredmedia":[{"embeddable":true,"href":"https:\/\/www.actualidadadiario.com\/index.php\/wp-json\/wp\/v2\/media\/69693"}],"wp:attachment":[{"href":"https:\/\/www.actualidadadiario.com\/index.php\/wp-json\/wp\/v2\/media?parent=69692"}],"wp:term":[{"taxonomy":"category","embeddable":true,"href":"https:\/\/www.actualidadadiario.com\/index.php\/wp-json\/wp\/v2\/categories?post=69692"},{"taxonomy":"post_tag","embeddable":true,"href":"https:\/\/www.actualidadadiario.com\/index.php\/wp-json\/wp\/v2\/tags?post=69692"}],"curies":[{"name":"wp","href":"https:\/\/api.w.org\/{rel}","templated":true}]}}