{"id":69687,"date":"2020-12-08T12:16:36","date_gmt":"2020-12-08T15:16:36","guid":{"rendered":"https:\/\/www.actualidadadiario.com\/?p=69687"},"modified":"2020-12-08T12:16:36","modified_gmt":"2020-12-08T15:16:36","slug":"en-entre-rios-mas-de-5-mil-estudiantes-volvieron-a-las-aulas","status":"publish","type":"post","link":"https:\/\/www.actualidadadiario.com\/index.php\/2020\/12\/08\/en-entre-rios-mas-de-5-mil-estudiantes-volvieron-a-las-aulas\/","title":{"rendered":"En Entre R\u00edos m\u00e1s de 5 mil estudiantes volvieron a las aulas"},"content":{"rendered":"<p style=\"text-align: center;\"><em><strong>A trav\u00e9s de estrictas acciones de infraestructura, log\u00edstica y monitoreo por parte del Gobierno provincial, 5421 alumnos volvieron a las aulas. Actualmente abrieron sus puertas 398 instituciones de nivel primario y secundario en todo el territorio provincial<\/strong><\/em><\/p>\n<p>&nbsp;<\/p>\n<p>&nbsp;<\/p>\n<p>&nbsp;<\/p>\n<p>Estas medidas se vienen desarrollando a trav\u00e9s de un proceso llevado a cabo con total normalidad, en el marco de protocolos espec\u00edficos, en localidades y departamentos habilitados por las autoridades sanitarias junto con los COES.<\/p>\n<p>En este sentido, el titular del organismo educativo de Entre R\u00edos, Mart\u00edn M\u00fcller habl\u00f3 de las buenas experiencias monitoreadas &#8220;la vuelta a la presencialidad se est\u00e1 desarrollando con responsabilidad y resultados destacables&#8221;, asegur\u00f3, y agreg\u00f3 &#8220;nuestra intenci\u00f3n es que las escuelas se mantengan abiertas&#8221;.<\/p>\n","protected":false},"excerpt":{"rendered":"<p>A trav\u00e9s de estrictas acciones de infraestructura, log\u00edstica y monitoreo por parte del Gobierno provincial, 5421 alumnos volvieron a las aulas. Actualmente abrieron sus puertas 398 instituciones de nivel primario y secundario en todo el territorio provincial &nbsp; &nbsp; &nbsp; Estas medidas se vienen desarrollando a trav\u00e9s de un proceso llevado a cabo con total normalidad, en el marco de protocolos espec\u00edficos, en localidades y departamentos habilitados por las autoridades sanitarias junto con los COES. En este sentido, el titular del organismo educativo de Entre R\u00edos, Mart\u00edn M\u00fcller habl\u00f3 de&#8230;<\/p>\n","protected":false},"author":3,"featured_media":63739,"comment_status":"closed","ping_status":"closed","sticky":false,"template":"","format":"standard","meta":[],"categories":[9,15],"tags":[],"_links":{"self":[{"href":"https:\/\/www.actualidadadiario.com\/index.php\/wp-json\/wp\/v2\/posts\/69687"}],"collection":[{"href":"https:\/\/www.actualidadadiario.com\/index.php\/wp-json\/wp\/v2\/posts"}],"about":[{"href":"https:\/\/www.actualidadadiario.com\/index.php\/wp-json\/wp\/v2\/types\/post"}],"author":[{"embeddable":true,"href":"https:\/\/www.actualidadadiario.com\/index.php\/wp-json\/wp\/v2\/users\/3"}],"replies":[{"embeddable":true,"href":"https:\/\/www.actualidadadiario.com\/index.php\/wp-json\/wp\/v2\/comments?post=69687"}],"version-history":[{"count":1,"href":"https:\/\/www.actualidadadiario.com\/index.php\/wp-json\/wp\/v2\/posts\/69687\/revisions"}],"predecessor-version":[{"id":69688,"href":"https:\/\/www.actualidadadiario.com\/index.php\/wp-json\/wp\/v2\/posts\/69687\/revisions\/69688"}],"wp:featuredmedia":[{"embeddable":true,"href":"https:\/\/www.actualidadadiario.com\/index.php\/wp-json\/wp\/v2\/media\/63739"}],"wp:attachment":[{"href":"https:\/\/www.actualidadadiario.com\/index.php\/wp-json\/wp\/v2\/media?parent=69687"}],"wp:term":[{"taxonomy":"category","embeddable":true,"href":"https:\/\/www.actualidadadiario.com\/index.php\/wp-json\/wp\/v2\/categories?post=69687"},{"taxonomy":"post_tag","embeddable":true,"href":"https:\/\/www.actualidadadiario.com\/index.php\/wp-json\/wp\/v2\/tags?post=69687"}],"curies":[{"name":"wp","href":"https:\/\/api.w.org\/{rel}","templated":true}]}}