{"id":69682,"date":"2020-12-08T12:14:54","date_gmt":"2020-12-08T15:14:54","guid":{"rendered":"https:\/\/www.actualidadadiario.com\/?p=69682"},"modified":"2020-12-08T12:14:54","modified_gmt":"2020-12-08T15:14:54","slug":"fallecio-un-hombre-de-76-anos-que-habia-contraido-covid-19-en-chajari","status":"publish","type":"post","link":"https:\/\/www.actualidadadiario.com\/index.php\/2020\/12\/08\/fallecio-un-hombre-de-76-anos-que-habia-contraido-covid-19-en-chajari\/","title":{"rendered":"Falleci\u00f3 un hombre de 76 a\u00f1os que hab\u00eda contra\u00eddo Covid-19 en Chajar\u00ed"},"content":{"rendered":"<p style=\"text-align: center;\"><em><strong>El \u00e1rea de Vigilancia Epidemiol\u00f3gica del Ministerio de Salud confirm\u00f3 que en Entre R\u00edos este lunes se registraron 298 nuevos casos de coronavirus. Adem\u00e1s, se notificaron dos nuevos fallecimientos asociados al virus<\/strong><\/em><\/p>\n<p>&nbsp;<\/p>\n<p>Se trata de una mujer de 25 a\u00f1os, oriunda de Paran\u00e1, que se encontraba internada en un establecimiento sanitario privado.<\/p>\n<p>En tanto, tambi\u00e9n falleci\u00f3 un hombre de 76 a\u00f1os, procedente de Chajar\u00ed, que estaba institucionalizado en el hospital Santa Rosa de dicha localidad.<\/p>\n<p>Desde el \u00e1rea de Vigilancia Epidemiol\u00f3gica se report\u00f3 que los fallecimientos informados en el d\u00eda de la fecha se produjeron uno el 2 y el otro el 5 de diciembre.<\/p>\n<p>De esta manera, en la provincia son 481 los fallecidos con Covid-19.<\/p>\n<p>&nbsp;<\/p>\n<p><strong>Se registraron 298 nuevos casos de coronavirus, los que se distribuyen de la siguiente manera:<\/strong><\/p>\n<p><strong>*Departamento Paran\u00e1 39, distribuidos en:<\/strong><\/p>\n<p>PARAN\u00c1 28<\/p>\n<p>SAN BENITO 3<\/p>\n<p>PUEBLO BRUGO 2<\/p>\n<p>CRESPO 1<\/p>\n<p>LA PICADA 1<\/p>\n<p>ORO VERDE 1<\/p>\n<p>VIALE 1<\/p>\n<p>SAUCE MONTRULL 1<\/p>\n<p>SEGU\u00cd 1<\/p>\n<p>&nbsp;<\/p>\n<p><strong>*Departamento Col\u00f3n 14, distribuidos en:<\/strong><\/p>\n<p>SAN JOS\u00c9 8<\/p>\n<p>COL\u00d3N 3<\/p>\n<p>UBAJAY 2<\/p>\n<p>VILLA ELISA 1<\/p>\n<p>&nbsp;<\/p>\n<p><strong>*Departamento Concordia 59, distribuidos en:<\/strong><\/p>\n<p>CONCORDIA 55<\/p>\n<p>PUERTO YERU\u00c1 3<\/p>\n<p>LOS CHARR\u00daAS 1<\/p>\n<p>&nbsp;<\/p>\n<p><strong>*Departamento Diamante 9, distribuidos en:<\/strong><\/p>\n<p>LIBERTADOR SAN MART\u00cdN 5<\/p>\n<p>DIAMANTE 4<\/p>\n<p>&nbsp;<\/p>\n<p><strong>*Departamento La Paz 12, distribuidos en:<\/strong><\/p>\n<p>LA PAZ 7<\/p>\n<p>SANTA ELENA 3<\/p>\n<p>SAN GUSTAVO 1<\/p>\n<p>ESTACAS 1<\/p>\n<p>&nbsp;<\/p>\n<p><strong>*Departamento Nogoy\u00e1 11, distribuidos en:<\/strong><\/p>\n<p>NOGOY\u00c1 10<\/p>\n<p>LUCAS GONZ\u00c1LEZ 1<\/p>\n<p>&nbsp;<\/p>\n<p><strong>*Departamento Gualeguay 6, distribuidos en:<\/strong><\/p>\n<p>GUALEGUAY 6<\/p>\n<p>&nbsp;<\/p>\n<p><strong>*Departamento Victoria 6, distribuidos en:<\/strong><\/p>\n<p>VICTORIA 6<\/p>\n<p>&nbsp;<\/p>\n<p><strong>*Departamento Feliciano 3, distribuidos en:<\/strong><\/p>\n<p>SAN JOS\u00c9 DE FELICIANO 3<\/p>\n<p>&nbsp;<\/p>\n<p><strong>*Departamento Tala 2, distribuidos en:<\/strong><\/p>\n<p>ROSARIO DEL TALA 2<\/p>\n<p>&nbsp;<\/p>\n<p><strong>*Departamento Uruguay 49, distribuidos en:<\/strong><\/p>\n<p>CONCEPCI\u00d3N DEL URUGUAY 41<\/p>\n<p>BASAVILBASO 5<\/p>\n<p>CASEROS 3<\/p>\n<p>&nbsp;<\/p>\n<p><strong>*Departamento Gualeguaych\u00fa 44, distribuidos en:<\/strong><\/p>\n<p>GUALEGUAYCH\u00da 42<\/p>\n<p>URDINARRAIN 1<\/p>\n<p>ALDEA SAN ANTONIO 1<\/p>\n<p>&nbsp;<\/p>\n<p><strong>*Departamento Federaci\u00f3n 44, distribuidos en:<\/strong><\/p>\n<p>CHAJAR\u00cd 32<\/p>\n<p>FEDERACI\u00d3N 11<\/p>\n<p>GUAYAQUIL 1<\/p>\n<p>&nbsp;<\/p>\n<p>De ese modo, en la provincia son 25.474 los casos confirmados.<\/p>\n","protected":false},"excerpt":{"rendered":"<p>El \u00e1rea de Vigilancia Epidemiol\u00f3gica del Ministerio de Salud confirm\u00f3 que en Entre R\u00edos este lunes se registraron 298 nuevos casos de coronavirus. Adem\u00e1s, se notificaron dos nuevos fallecimientos asociados al virus &nbsp; Se trata de una mujer de 25 a\u00f1os, oriunda de Paran\u00e1, que se encontraba internada en un establecimiento sanitario privado. En tanto, tambi\u00e9n falleci\u00f3 un hombre de 76 a\u00f1os, procedente de Chajar\u00ed, que estaba institucionalizado en el hospital Santa Rosa de dicha localidad. Desde el \u00e1rea de Vigilancia Epidemiol\u00f3gica se report\u00f3 que los fallecimientos informados en el&#8230;<\/p>\n","protected":false},"author":3,"featured_media":68091,"comment_status":"closed","ping_status":"closed","sticky":false,"template":"","format":"standard","meta":[],"categories":[15],"tags":[],"_links":{"self":[{"href":"https:\/\/www.actualidadadiario.com\/index.php\/wp-json\/wp\/v2\/posts\/69682"}],"collection":[{"href":"https:\/\/www.actualidadadiario.com\/index.php\/wp-json\/wp\/v2\/posts"}],"about":[{"href":"https:\/\/www.actualidadadiario.com\/index.php\/wp-json\/wp\/v2\/types\/post"}],"author":[{"embeddable":true,"href":"https:\/\/www.actualidadadiario.com\/index.php\/wp-json\/wp\/v2\/users\/3"}],"replies":[{"embeddable":true,"href":"https:\/\/www.actualidadadiario.com\/index.php\/wp-json\/wp\/v2\/comments?post=69682"}],"version-history":[{"count":1,"href":"https:\/\/www.actualidadadiario.com\/index.php\/wp-json\/wp\/v2\/posts\/69682\/revisions"}],"predecessor-version":[{"id":69683,"href":"https:\/\/www.actualidadadiario.com\/index.php\/wp-json\/wp\/v2\/posts\/69682\/revisions\/69683"}],"wp:featuredmedia":[{"embeddable":true,"href":"https:\/\/www.actualidadadiario.com\/index.php\/wp-json\/wp\/v2\/media\/68091"}],"wp:attachment":[{"href":"https:\/\/www.actualidadadiario.com\/index.php\/wp-json\/wp\/v2\/media?parent=69682"}],"wp:term":[{"taxonomy":"category","embeddable":true,"href":"https:\/\/www.actualidadadiario.com\/index.php\/wp-json\/wp\/v2\/categories?post=69682"},{"taxonomy":"post_tag","embeddable":true,"href":"https:\/\/www.actualidadadiario.com\/index.php\/wp-json\/wp\/v2\/tags?post=69682"}],"curies":[{"name":"wp","href":"https:\/\/api.w.org\/{rel}","templated":true}]}}